{"id":510,"date":"2026-03-12T23:30:15","date_gmt":"2026-03-12T23:30:15","guid":{"rendered":"https:\/\/vitauro.es\/?p=510"},"modified":"2026-03-12T23:32:47","modified_gmt":"2026-03-12T23:32:47","slug":"feria-de-roa-de-duero-2-2-3","status":"publish","type":"post","link":"https:\/\/vitauro.es\/?p=510","title":{"rendered":"PRIMEROS PREMIOS PROVINCIALES DE TAUROMAQUIA DE BURGOS"},"content":{"rendered":"\n<p><strong><u>Roa de Duero,&nbsp;<strong>Burgos<\/strong><\/u><\/strong>&nbsp;.<\/p>\n\n\n\n<p><\/p>\n\n\n\n<p>La primera edici\u00f3n de los premios provinciales de tauromaquia de la Diputaci\u00f3n de Burgos ya tiene a sus primeros ganadores. La periodista taurina Lola Franco y miembro del jurado que ha fallado los reconocimientos fue la encargada de desvelar los nombres. El primer premio es para el Ayuntamiento de <strong>Roa por su \u00abdestacado\u00bb trabajo en favor de la tauromaquia<\/strong>, as\u00ed como por el \u00abesfuerzo\u00bb en el mantenimiento de la tradici\u00f3n.<\/p>\n\n\n\n<figure class=\"wp-block-image size-large\"><img loading=\"lazy\" decoding=\"async\" width=\"1024\" height=\"732\" src=\"https:\/\/vitauro.es\/wp-content\/uploads\/2026\/03\/IMG-20260127-WA0015-1-1024x732.jpg\" alt=\"\" class=\"wp-image-514\" srcset=\"https:\/\/vitauro.es\/wp-content\/uploads\/2026\/03\/IMG-20260127-WA0015-1-1024x732.jpg 1024w, https:\/\/vitauro.es\/wp-content\/uploads\/2026\/03\/IMG-20260127-WA0015-1-300x214.jpg 300w, https:\/\/vitauro.es\/wp-content\/uploads\/2026\/03\/IMG-20260127-WA0015-1-768x549.jpg 768w, https:\/\/vitauro.es\/wp-content\/uploads\/2026\/03\/IMG-20260127-WA0015-1.jpg 1355w\" sizes=\"auto, (max-width: 1024px) 100vw, 1024px\" \/><\/figure>\n\n\n\n<p>El segundo premio de los galardones, que tendr\u00e1n un car\u00e1cter bianual, recay\u00f3 en el periodista Carlos Mart\u00edn Santoyo, director y presentado del programa &#8216;Grana y oro&#8217; de Castilla y Le\u00f3n Televisi\u00f3n. El jurado ha destacado su \u00abcontribuci\u00f3n al fomento y la divulgaci\u00f3n\u00bb de la cultura taurina.<\/p>\n\n\n\n<p>El tercer premio ha ido a parar a Jes\u00fas Mart\u00ednez, Morenito de Aranda, al que se le reconoce su trayectoria profesional como matador de toros. Una trayectoria \u00abs\u00f3lida y en continuo progreso\u00bb que suma ya 20 a\u00f1os desde que tom\u00f3 la alternativa.<\/p>\n\n\n\n<p>La primera edici\u00f3n de estos galardones tambi\u00e9n ha concedido tres premios especiales. Uno de ellos ha sido para Joaqu\u00edn Monje de Lara por su \u00abprofunda pasi\u00f3n taurina\u00bb, que ha transmitido y vivido de forma intensa.<\/p>\n\n\n\n<figure class=\"wp-block-image size-large\"><img loading=\"lazy\" decoding=\"async\" width=\"1024\" height=\"576\" src=\"https:\/\/vitauro.es\/wp-content\/uploads\/2026\/03\/693c6c5a50dec-1024x576.jpeg\" alt=\"\" class=\"wp-image-515\" srcset=\"https:\/\/vitauro.es\/wp-content\/uploads\/2026\/03\/693c6c5a50dec-1024x576.jpeg 1024w, https:\/\/vitauro.es\/wp-content\/uploads\/2026\/03\/693c6c5a50dec-300x169.jpeg 300w, https:\/\/vitauro.es\/wp-content\/uploads\/2026\/03\/693c6c5a50dec-768x432.jpeg 768w, https:\/\/vitauro.es\/wp-content\/uploads\/2026\/03\/693c6c5a50dec.jpeg 1200w\" sizes=\"auto, (max-width: 1024px) 100vw, 1024px\" \/><\/figure>\n\n\n\n<p>Victorino Mart\u00edn Garc\u00eda recibir\u00e1 otros de los premios especiales por \u00abdifundir los valores de la tauromaquia\u00bb y por su trabajo como presidente de la Fundaci\u00f3n Toro de Lidia.<\/p>\n\n\n\n<p>El tercer premio especial se ha otorgado al consejero de Cultura de la Junta, Gonzalo Santonja, gran amante y profundo conocedor de la tauromaquia que ha plasmado a trav\u00e9s de numerosos libros. El reconocimiento le llega por su \u00abdefensa de la tauromaquia como patrimonio cultural\u00bb.\u00a0Los galardonados recibir\u00e1n una escultura, obra de Cristino D\u00edez, inspirada en la figura del hist\u00f3rico torero burgal\u00e9s Rafael Pedrosa.<\/p>\n\n\n\n<p>El jurado estuvo compuesto por Miguel \u00c1ngel Salinas, Baudilio Fern\u00e1ndez-Mardomingo, Lola Franco Ortega, B\u00e1rbara Pedrosa Rodr\u00edguez y Jos\u00e9 Antonio Ba\u00f1uelos.\u00a0<\/p>\n\n\n\n<p><\/p>\n","protected":false},"excerpt":{"rendered":"<p>Roa celebra los primeros Premios Provinciales de Tauromaquia de Burgos<\/p>\n","protected":false},"author":1,"featured_media":513,"comment_status":"closed","ping_status":"open","sticky":false,"template":"","format":"standard","meta":{"footnotes":""},"categories":[9,8],"tags":[12,10,18],"class_list":["post-510","post","type-post","status-publish","format-standard","has-post-thumbnail","hentry","category-events","category-news","tag-12","tag-feria","tag-roa-de-duero"],"yoast_head":"<!-- This site is optimized with the Yoast SEO plugin v27.1.1 - https:\/\/yoast.com\/product\/yoast-seo-wordpress\/ -->\n<title>PRIMEROS PREMIOS PROVINCIALES DE TAUROMAQUIA DE BURGOS - ViTauro<\/title>\n<meta name=\"robots\" content=\"index, follow, max-snippet:-1, max-image-preview:large, max-video-preview:-1\" \/>\n<link rel=\"canonical\" href=\"https:\/\/vitauro.es\/?p=510\" \/>\n<meta property=\"og:locale\" content=\"es_ES\" \/>\n<meta property=\"og:type\" content=\"article\" \/>\n<meta property=\"og:title\" content=\"PRIMEROS PREMIOS PROVINCIALES DE TAUROMAQUIA DE BURGOS - ViTauro\" \/>\n<meta property=\"og:description\" content=\"Roa celebra los primeros Premios Provinciales de Tauromaquia de Burgos\" \/>\n<meta property=\"og:url\" content=\"https:\/\/vitauro.es\/?p=510\" \/>\n<meta property=\"og:site_name\" content=\"ViTauro\" \/>\n<meta property=\"article:published_time\" content=\"2026-03-12T23:30:15+00:00\" \/>\n<meta property=\"article:modified_time\" content=\"2026-03-12T23:32:47+00:00\" \/>\n<meta property=\"og:image\" content=\"https:\/\/vitauro.es\/wp-content\/uploads\/2026\/03\/IMG-20260127-WA0015.jpg\" \/>\n\t<meta property=\"og:image:width\" content=\"1355\" \/>\n\t<meta property=\"og:image:height\" content=\"968\" \/>\n\t<meta property=\"og:image:type\" content=\"image\/jpeg\" \/>\n<meta name=\"author\" content=\"admin\" \/>\n<meta name=\"twitter:card\" content=\"summary_large_image\" \/>\n<meta name=\"twitter:label1\" content=\"Escrito por\" \/>\n\t<meta name=\"twitter:data1\" content=\"admin\" \/>\n\t<meta name=\"twitter:label2\" content=\"Tiempo de lectura\" \/>\n\t<meta name=\"twitter:data2\" content=\"3 minutos\" \/>\n<script type=\"application\/ld+json\" class=\"yoast-schema-graph\">{\"@context\":\"https:\/\/schema.org\",\"@graph\":[{\"@type\":\"Article\",\"@id\":\"https:\/\/vitauro.es\/?p=510#article\",\"isPartOf\":{\"@id\":\"https:\/\/vitauro.es\/?p=510\"},\"author\":{\"name\":\"admin\",\"@id\":\"https:\/\/vitauro.es\/#\/schema\/person\/e4fc1aba9bf6424feacee5249e8992a5\"},\"headline\":\"PRIMEROS PREMIOS PROVINCIALES DE TAUROMAQUIA DE BURGOS\",\"datePublished\":\"2026-03-12T23:30:15+00:00\",\"dateModified\":\"2026-03-12T23:32:47+00:00\",\"mainEntityOfPage\":{\"@id\":\"https:\/\/vitauro.es\/?p=510\"},\"wordCount\":347,\"publisher\":{\"@id\":\"https:\/\/vitauro.es\/#organization\"},\"image\":{\"@id\":\"https:\/\/vitauro.es\/?p=510#primaryimage\"},\"thumbnailUrl\":\"https:\/\/vitauro.es\/wp-content\/uploads\/2026\/03\/IMG-20260127-WA0015.jpg\",\"keywords\":[\"2025\",\"Feria\",\"Roa de Duero\"],\"articleSection\":[\"Eventos\",\"Noticias\"],\"inLanguage\":\"es\"},{\"@type\":\"WebPage\",\"@id\":\"https:\/\/vitauro.es\/?p=510\",\"url\":\"https:\/\/vitauro.es\/?p=510\",\"name\":\"PRIMEROS PREMIOS PROVINCIALES DE TAUROMAQUIA DE BURGOS - ViTauro\",\"isPartOf\":{\"@id\":\"https:\/\/vitauro.es\/#website\"},\"primaryImageOfPage\":{\"@id\":\"https:\/\/vitauro.es\/?p=510#primaryimage\"},\"image\":{\"@id\":\"https:\/\/vitauro.es\/?p=510#primaryimage\"},\"thumbnailUrl\":\"https:\/\/vitauro.es\/wp-content\/uploads\/2026\/03\/IMG-20260127-WA0015.jpg\",\"datePublished\":\"2026-03-12T23:30:15+00:00\",\"dateModified\":\"2026-03-12T23:32:47+00:00\",\"breadcrumb\":{\"@id\":\"https:\/\/vitauro.es\/?p=510#breadcrumb\"},\"inLanguage\":\"es\",\"potentialAction\":[{\"@type\":\"ReadAction\",\"target\":[\"https:\/\/vitauro.es\/?p=510\"]}]},{\"@type\":\"ImageObject\",\"inLanguage\":\"es\",\"@id\":\"https:\/\/vitauro.es\/?p=510#primaryimage\",\"url\":\"https:\/\/vitauro.es\/wp-content\/uploads\/2026\/03\/IMG-20260127-WA0015.jpg\",\"contentUrl\":\"https:\/\/vitauro.es\/wp-content\/uploads\/2026\/03\/IMG-20260127-WA0015.jpg\",\"width\":1355,\"height\":968},{\"@type\":\"BreadcrumbList\",\"@id\":\"https:\/\/vitauro.es\/?p=510#breadcrumb\",\"itemListElement\":[{\"@type\":\"ListItem\",\"position\":1,\"name\":\"Portada\",\"item\":\"https:\/\/vitauro.es\/\"},{\"@type\":\"ListItem\",\"position\":2,\"name\":\"PRIMEROS PREMIOS PROVINCIALES DE TAUROMAQUIA DE BURGOS\"}]},{\"@type\":\"WebSite\",\"@id\":\"https:\/\/vitauro.es\/#website\",\"url\":\"https:\/\/vitauro.es\/\",\"name\":\"ViTauro\",\"description\":\"\",\"publisher\":{\"@id\":\"https:\/\/vitauro.es\/#organization\"},\"potentialAction\":[{\"@type\":\"SearchAction\",\"target\":{\"@type\":\"EntryPoint\",\"urlTemplate\":\"https:\/\/vitauro.es\/?s={search_term_string}\"},\"query-input\":{\"@type\":\"PropertyValueSpecification\",\"valueRequired\":true,\"valueName\":\"search_term_string\"}}],\"inLanguage\":\"es\"},{\"@type\":\"Organization\",\"@id\":\"https:\/\/vitauro.es\/#organization\",\"name\":\"ViTauro\",\"url\":\"https:\/\/vitauro.es\/\",\"logo\":{\"@type\":\"ImageObject\",\"inLanguage\":\"es\",\"@id\":\"https:\/\/vitauro.es\/#\/schema\/logo\/image\/\",\"url\":\"https:\/\/vitauro.es\/wp-content\/uploads\/2025\/05\/cropped-logo-vectorizado-2.png\",\"contentUrl\":\"https:\/\/vitauro.es\/wp-content\/uploads\/2025\/05\/cropped-logo-vectorizado-2.png\",\"width\":1546,\"height\":1564,\"caption\":\"ViTauro\"},\"image\":{\"@id\":\"https:\/\/vitauro.es\/#\/schema\/logo\/image\/\"}},{\"@type\":\"Person\",\"@id\":\"https:\/\/vitauro.es\/#\/schema\/person\/e4fc1aba9bf6424feacee5249e8992a5\",\"name\":\"admin\",\"image\":{\"@type\":\"ImageObject\",\"inLanguage\":\"es\",\"@id\":\"https:\/\/vitauro.es\/#\/schema\/person\/image\/\",\"url\":\"https:\/\/secure.gravatar.com\/avatar\/9ac643e4f8c76a330ee243d493bd429d01832afd4eedc44e6c704f573abe6cab?s=96&d=mm&r=g\",\"contentUrl\":\"https:\/\/secure.gravatar.com\/avatar\/9ac643e4f8c76a330ee243d493bd429d01832afd4eedc44e6c704f573abe6cab?s=96&d=mm&r=g\",\"caption\":\"admin\"},\"sameAs\":[\"https:\/\/vitauro.es\"],\"url\":\"https:\/\/vitauro.es\/?author=1\"}]}<\/script>\n<!-- \/ Yoast SEO plugin. -->","yoast_head_json":{"title":"PRIMEROS PREMIOS PROVINCIALES DE TAUROMAQUIA DE BURGOS - ViTauro","robots":{"index":"index","follow":"follow","max-snippet":"max-snippet:-1","max-image-preview":"max-image-preview:large","max-video-preview":"max-video-preview:-1"},"canonical":"https:\/\/vitauro.es\/?p=510","og_locale":"es_ES","og_type":"article","og_title":"PRIMEROS PREMIOS PROVINCIALES DE TAUROMAQUIA DE BURGOS - ViTauro","og_description":"Roa celebra los primeros Premios Provinciales de Tauromaquia de Burgos","og_url":"https:\/\/vitauro.es\/?p=510","og_site_name":"ViTauro","article_published_time":"2026-03-12T23:30:15+00:00","article_modified_time":"2026-03-12T23:32:47+00:00","og_image":[{"width":1355,"height":968,"url":"https:\/\/vitauro.es\/wp-content\/uploads\/2026\/03\/IMG-20260127-WA0015.jpg","type":"image\/jpeg"}],"author":"admin","twitter_card":"summary_large_image","twitter_misc":{"Escrito por":"admin","Tiempo de lectura":"3 minutos"},"schema":{"@context":"https:\/\/schema.org","@graph":[{"@type":"Article","@id":"https:\/\/vitauro.es\/?p=510#article","isPartOf":{"@id":"https:\/\/vitauro.es\/?p=510"},"author":{"name":"admin","@id":"https:\/\/vitauro.es\/#\/schema\/person\/e4fc1aba9bf6424feacee5249e8992a5"},"headline":"PRIMEROS PREMIOS PROVINCIALES DE TAUROMAQUIA DE BURGOS","datePublished":"2026-03-12T23:30:15+00:00","dateModified":"2026-03-12T23:32:47+00:00","mainEntityOfPage":{"@id":"https:\/\/vitauro.es\/?p=510"},"wordCount":347,"publisher":{"@id":"https:\/\/vitauro.es\/#organization"},"image":{"@id":"https:\/\/vitauro.es\/?p=510#primaryimage"},"thumbnailUrl":"https:\/\/vitauro.es\/wp-content\/uploads\/2026\/03\/IMG-20260127-WA0015.jpg","keywords":["2025","Feria","Roa de Duero"],"articleSection":["Eventos","Noticias"],"inLanguage":"es"},{"@type":"WebPage","@id":"https:\/\/vitauro.es\/?p=510","url":"https:\/\/vitauro.es\/?p=510","name":"PRIMEROS PREMIOS PROVINCIALES DE TAUROMAQUIA DE BURGOS - ViTauro","isPartOf":{"@id":"https:\/\/vitauro.es\/#website"},"primaryImageOfPage":{"@id":"https:\/\/vitauro.es\/?p=510#primaryimage"},"image":{"@id":"https:\/\/vitauro.es\/?p=510#primaryimage"},"thumbnailUrl":"https:\/\/vitauro.es\/wp-content\/uploads\/2026\/03\/IMG-20260127-WA0015.jpg","datePublished":"2026-03-12T23:30:15+00:00","dateModified":"2026-03-12T23:32:47+00:00","breadcrumb":{"@id":"https:\/\/vitauro.es\/?p=510#breadcrumb"},"inLanguage":"es","potentialAction":[{"@type":"ReadAction","target":["https:\/\/vitauro.es\/?p=510"]}]},{"@type":"ImageObject","inLanguage":"es","@id":"https:\/\/vitauro.es\/?p=510#primaryimage","url":"https:\/\/vitauro.es\/wp-content\/uploads\/2026\/03\/IMG-20260127-WA0015.jpg","contentUrl":"https:\/\/vitauro.es\/wp-content\/uploads\/2026\/03\/IMG-20260127-WA0015.jpg","width":1355,"height":968},{"@type":"BreadcrumbList","@id":"https:\/\/vitauro.es\/?p=510#breadcrumb","itemListElement":[{"@type":"ListItem","position":1,"name":"Portada","item":"https:\/\/vitauro.es\/"},{"@type":"ListItem","position":2,"name":"PRIMEROS PREMIOS PROVINCIALES DE TAUROMAQUIA DE BURGOS"}]},{"@type":"WebSite","@id":"https:\/\/vitauro.es\/#website","url":"https:\/\/vitauro.es\/","name":"ViTauro","description":"","publisher":{"@id":"https:\/\/vitauro.es\/#organization"},"potentialAction":[{"@type":"SearchAction","target":{"@type":"EntryPoint","urlTemplate":"https:\/\/vitauro.es\/?s={search_term_string}"},"query-input":{"@type":"PropertyValueSpecification","valueRequired":true,"valueName":"search_term_string"}}],"inLanguage":"es"},{"@type":"Organization","@id":"https:\/\/vitauro.es\/#organization","name":"ViTauro","url":"https:\/\/vitauro.es\/","logo":{"@type":"ImageObject","inLanguage":"es","@id":"https:\/\/vitauro.es\/#\/schema\/logo\/image\/","url":"https:\/\/vitauro.es\/wp-content\/uploads\/2025\/05\/cropped-logo-vectorizado-2.png","contentUrl":"https:\/\/vitauro.es\/wp-content\/uploads\/2025\/05\/cropped-logo-vectorizado-2.png","width":1546,"height":1564,"caption":"ViTauro"},"image":{"@id":"https:\/\/vitauro.es\/#\/schema\/logo\/image\/"}},{"@type":"Person","@id":"https:\/\/vitauro.es\/#\/schema\/person\/e4fc1aba9bf6424feacee5249e8992a5","name":"admin","image":{"@type":"ImageObject","inLanguage":"es","@id":"https:\/\/vitauro.es\/#\/schema\/person\/image\/","url":"https:\/\/secure.gravatar.com\/avatar\/9ac643e4f8c76a330ee243d493bd429d01832afd4eedc44e6c704f573abe6cab?s=96&d=mm&r=g","contentUrl":"https:\/\/secure.gravatar.com\/avatar\/9ac643e4f8c76a330ee243d493bd429d01832afd4eedc44e6c704f573abe6cab?s=96&d=mm&r=g","caption":"admin"},"sameAs":["https:\/\/vitauro.es"],"url":"https:\/\/vitauro.es\/?author=1"}]}},"_links":{"self":[{"href":"https:\/\/vitauro.es\/index.php?rest_route=\/wp\/v2\/posts\/510","targetHints":{"allow":["GET"]}}],"collection":[{"href":"https:\/\/vitauro.es\/index.php?rest_route=\/wp\/v2\/posts"}],"about":[{"href":"https:\/\/vitauro.es\/index.php?rest_route=\/wp\/v2\/types\/post"}],"author":[{"embeddable":true,"href":"https:\/\/vitauro.es\/index.php?rest_route=\/wp\/v2\/users\/1"}],"replies":[{"embeddable":true,"href":"https:\/\/vitauro.es\/index.php?rest_route=%2Fwp%2Fv2%2Fcomments&post=510"}],"version-history":[{"count":4,"href":"https:\/\/vitauro.es\/index.php?rest_route=\/wp\/v2\/posts\/510\/revisions"}],"predecessor-version":[{"id":519,"href":"https:\/\/vitauro.es\/index.php?rest_route=\/wp\/v2\/posts\/510\/revisions\/519"}],"wp:featuredmedia":[{"embeddable":true,"href":"https:\/\/vitauro.es\/index.php?rest_route=\/wp\/v2\/media\/513"}],"wp:attachment":[{"href":"https:\/\/vitauro.es\/index.php?rest_route=%2Fwp%2Fv2%2Fmedia&parent=510"}],"wp:term":[{"taxonomy":"category","embeddable":true,"href":"https:\/\/vitauro.es\/index.php?rest_route=%2Fwp%2Fv2%2Fcategories&post=510"},{"taxonomy":"post_tag","embeddable":true,"href":"https:\/\/vitauro.es\/index.php?rest_route=%2Fwp%2Fv2%2Ftags&post=510"}],"curies":[{"name":"wp","href":"https:\/\/api.w.org\/{rel}","templated":true}]}}