{"id":494,"date":"2026-03-12T21:27:23","date_gmt":"2026-03-12T21:27:23","guid":{"rendered":"https:\/\/vitauro.es\/?p=494"},"modified":"2026-03-12T21:28:37","modified_gmt":"2026-03-12T21:28:37","slug":"feria-de-roa-de-duero-2-2","status":"publish","type":"post","link":"https:\/\/vitauro.es\/?p=494","title":{"rendered":"TARDE DE TOREO CL\u00c1SICO EN ROA DE DUERO"},"content":{"rendered":"\n<p><strong><u>Roa de Duero,&nbsp;<strong>Burgos<\/strong><\/u><\/strong>&nbsp;.<\/p>\n\n\n\n<p>Con m\u00e1s de tres cuartos de entrada. Toros de&nbsp;<strong>Buenavista<\/strong>&nbsp;para<strong>&nbsp;Morenito de Aranda,<\/strong>&nbsp;ovaci\u00f3n y ovaci\u00f3n;<strong>&nbsp;Javier Cort\u00e9s,&nbsp;<\/strong>oreja con petici\u00f3n de la segunda y ovaci\u00f3n; y<strong>&nbsp;Jarocho,&nbsp;<\/strong>oreja y ovaci\u00f3n.<\/p>\n\n\n\n<p>Tarde de clasicismo y buen toreo en\u00a0<strong>Roa de Duero. Morenito de Aranda,<\/strong>\u00a0<strong>Javier Cort\u00e9s<\/strong>\u00a0y <strong>Jarocho<\/strong> han realizado en el coso burgal\u00e9s una interesante tarde de toros en la que\u00a0<strong>Cort\u00e9s<\/strong>\u00a0y\u00a0<strong>Jarocho<\/strong>\u00a0han sido los triunfadores num\u00e9ricos al pasear una oreja por coleta. Una tarde de\u00a0<strong>Puerta Grande<\/strong>\u00a0de no ser por el mal uso de los aceros, en la que se lidi\u00f3 una corrida de\u00a0<strong>Buenavista<\/strong>\u00a0variada, pero mansa, la cual cont\u00f3 con un buen toro.\u00a0<strong>Morenito de Aranda<\/strong>\u00a0marr\u00f3 con la espada dos faenas de premio.\u00a0<strong>Cort\u00e9s<\/strong>\u00a0perdi\u00f3 la salida en hombros tras pinchar su faena al quinto, mientras que\u00a0<strong>Jarocho<\/strong>\u00a0mostr\u00f3 disposici\u00f3n y su buen concepto con el peor lote.<\/p>\n\n\n\n<figure class=\"wp-block-gallery has-nested-images columns-default is-cropped wp-block-gallery-1 is-layout-flex wp-block-gallery-is-layout-flex\">\n<figure class=\"wp-block-image size-large\"><img loading=\"lazy\" decoding=\"async\" width=\"300\" height=\"225\" data-id=\"496\" src=\"https:\/\/vitauro.es\/wp-content\/uploads\/2026\/03\/agosto_3.jpeg\" alt=\"\" class=\"wp-image-496\"\/><\/figure>\n\n\n\n<figure class=\"wp-block-image size-large\"><img loading=\"lazy\" decoding=\"async\" width=\"300\" height=\"245\" data-id=\"497\" src=\"https:\/\/vitauro.es\/wp-content\/uploads\/2026\/03\/agosto_2.jpeg\" alt=\"\" class=\"wp-image-497\"\/><\/figure>\n\n\n\n<figure class=\"wp-block-image size-large\"><img loading=\"lazy\" decoding=\"async\" width=\"300\" height=\"288\" data-id=\"498\" src=\"https:\/\/vitauro.es\/wp-content\/uploads\/2026\/03\/agosto_1.jpeg\" alt=\"\" class=\"wp-image-498\"\/><\/figure>\n<\/figure>\n\n\n\n<p>Gran faena de\u00a0<strong>Javier Cort\u00e9s,\u00a0<\/strong>que cuaj\u00f3 al segundo de la tarde en una faena de excelente\u00a0torer\u00eda\u00a0y profundidad: cadencia, trazo largo, temple, reuni\u00f3n y mucho gusto. Faena de toreo cl\u00e1sico y de una tremenda belleza sobre todo en los pasajes con la mano izquierda. Se prest\u00f3 el de\u00a0<strong>Buenavista.<\/strong>\u00a0Estocada contraria que hizo que el toro tardara en doblar. Oreja con petici\u00f3n.\u00a0<\/p>\n\n\n\n<p class=\"has-jost-font-family has-regular-font-size\">Inspiraci\u00f3n de\u00a0<strong>Javier Cort\u00e9s<\/strong>\u00a0que entiende al descompuesto toro que hizo quinto. Templ\u00f3 en los terrenos de adentro en una faena que con altibajos cont\u00f3 con momentos de grandes muletazos. Poso del torero de\u00a0<strong>Madrid.<\/strong>\u00a0Ovaci\u00f3n con saludos por fallar con el descabello tras una estocada.<\/p>\n\n\n\n<p class=\"has-jost-font-family has-regular-font-size\"><strong>Jarocho<\/strong>\u00a0cort\u00f3 una oreja al tercero despu\u00e9s de un trasteo de concepto cl\u00e1sico a un animal agarrado al piso y deslucido. Tuvo paciencia el burgal\u00e9s para empujar la embestida del toro hacia adelante y cortarle una oreja de ley tras una buena estocada.\u00a0<\/p>\n\n\n\n<figure class=\"wp-block-gallery has-nested-images columns-default is-cropped wp-block-gallery-2 is-layout-flex wp-block-gallery-is-layout-flex\">\n<figure class=\"wp-block-image size-large\"><img loading=\"lazy\" decoding=\"async\" width=\"602\" height=\"808\" data-id=\"499\" src=\"https:\/\/vitauro.es\/wp-content\/uploads\/2026\/03\/agosto_7.jpeg\" alt=\"\" class=\"wp-image-499\" srcset=\"https:\/\/vitauro.es\/wp-content\/uploads\/2026\/03\/agosto_7.jpeg 602w, https:\/\/vitauro.es\/wp-content\/uploads\/2026\/03\/agosto_7-224x300.jpeg 224w\" sizes=\"auto, (max-width: 602px) 100vw, 602px\" \/><\/figure>\n\n\n\n<figure class=\"wp-block-image size-large\"><img loading=\"lazy\" decoding=\"async\" width=\"683\" height=\"1024\" data-id=\"501\" src=\"https:\/\/vitauro.es\/wp-content\/uploads\/2026\/03\/agosto_6.jpeg\" alt=\"\" class=\"wp-image-501\" srcset=\"https:\/\/vitauro.es\/wp-content\/uploads\/2026\/03\/agosto_6.jpeg 683w, https:\/\/vitauro.es\/wp-content\/uploads\/2026\/03\/agosto_6-200x300.jpeg 200w\" sizes=\"auto, (max-width: 683px) 100vw, 683px\" \/><\/figure>\n\n\n\n<figure class=\"wp-block-image size-large\"><img loading=\"lazy\" decoding=\"async\" width=\"683\" height=\"1024\" data-id=\"500\" src=\"https:\/\/vitauro.es\/wp-content\/uploads\/2026\/03\/agosto_5.jpeg\" alt=\"\" class=\"wp-image-500\" srcset=\"https:\/\/vitauro.es\/wp-content\/uploads\/2026\/03\/agosto_5.jpeg 683w, https:\/\/vitauro.es\/wp-content\/uploads\/2026\/03\/agosto_5-200x300.jpeg 200w\" sizes=\"auto, (max-width: 683px) 100vw, 683px\" \/><\/figure>\n<\/figure>\n\n\n\n<p>Se estrell\u00f3&nbsp;<strong>Jarocho<\/strong>&nbsp;literalmente frente al sexto un manso que se raj\u00f3 y no le dio m\u00e1s opci\u00f3n que la de andar en torero y con soltura ante la imposibilidad del marrajo. Ovaci\u00f3n.<\/p>\n\n\n\n<p><strong>Morenito de Aranda<\/strong>&nbsp;mostro profesionalidad y experiencia frente al cuarto de&nbsp;<strong>Buenavista,<\/strong>&nbsp;que tuvo m\u00e1s intenciones que finales. El arandino tuvo importantes y de calidad pero no estuvo certero con el acero esta vez. Salud\u00f3 una ovaci\u00f3n.<\/p>\n\n\n\n<p class=\"has-jost-font-family has-regular-font-size\">Manejable el primer toro de la tarde de&nbsp;<strong>Buenavista,<\/strong>&nbsp;al que&nbsp;<strong>Morenito<\/strong>&nbsp;tore\u00f3 muy bien de capote y firm\u00f3 una faena de clase y personalidad. De suma naturalidad. La espada fue el \u00fanico borr\u00f3n de una faena meritoria.<\/p>\n\n\n\n<p><\/p>\n","protected":false},"excerpt":{"rendered":"<p>Javier Cort\u00e9s y Jarocho cortan una oreja en una tarde de toreo cl\u00e1sico en Roa de Duero.<\/p>\n<p>Morenito de Aranda pierde por la espada el triunfo en una tarde condicionada por el mal uso de los aceros.<\/p>\n","protected":false},"author":1,"featured_media":503,"comment_status":"closed","ping_status":"open","sticky":false,"template":"","format":"standard","meta":{"footnotes":""},"categories":[9,8],"tags":[12,10,18],"class_list":["post-494","post","type-post","status-publish","format-standard","has-post-thumbnail","hentry","category-events","category-news","tag-12","tag-feria","tag-roa-de-duero"],"yoast_head":"<!-- This site is optimized with the Yoast SEO plugin v27.1.1 - https:\/\/yoast.com\/product\/yoast-seo-wordpress\/ -->\n<title>TARDE DE TOREO CL\u00c1SICO EN ROA DE DUERO - ViTauro<\/title>\n<meta name=\"robots\" content=\"index, follow, max-snippet:-1, max-image-preview:large, max-video-preview:-1\" \/>\n<link rel=\"canonical\" href=\"https:\/\/vitauro.es\/?p=494\" \/>\n<meta property=\"og:locale\" content=\"es_ES\" \/>\n<meta property=\"og:type\" content=\"article\" \/>\n<meta property=\"og:title\" content=\"TARDE DE TOREO CL\u00c1SICO EN ROA DE DUERO - ViTauro\" \/>\n<meta property=\"og:description\" content=\"Javier Cort\u00e9s y Jarocho cortan una oreja en una tarde de toreo cl\u00e1sico en Roa de Duero. Morenito de Aranda pierde por la espada el triunfo en una tarde condicionada por el mal uso de los aceros.\" \/>\n<meta property=\"og:url\" content=\"https:\/\/vitauro.es\/?p=494\" \/>\n<meta property=\"og:site_name\" content=\"ViTauro\" \/>\n<meta property=\"article:published_time\" content=\"2026-03-12T21:27:23+00:00\" \/>\n<meta property=\"article:modified_time\" content=\"2026-03-12T21:28:37+00:00\" \/>\n<meta property=\"og:image\" content=\"https:\/\/vitauro.es\/wp-content\/uploads\/2026\/03\/agosto_4.jpeg\" \/>\n\t<meta property=\"og:image:width\" content=\"300\" \/>\n\t<meta property=\"og:image:height\" content=\"225\" \/>\n\t<meta property=\"og:image:type\" content=\"image\/jpeg\" \/>\n<meta name=\"author\" content=\"admin\" \/>\n<meta name=\"twitter:card\" content=\"summary_large_image\" \/>\n<meta name=\"twitter:label1\" content=\"Escrito por\" \/>\n\t<meta name=\"twitter:data1\" content=\"admin\" \/>\n\t<meta name=\"twitter:label2\" content=\"Tiempo de lectura\" \/>\n\t<meta name=\"twitter:data2\" content=\"4 minutos\" \/>\n<script type=\"application\/ld+json\" class=\"yoast-schema-graph\">{\"@context\":\"https:\/\/schema.org\",\"@graph\":[{\"@type\":\"Article\",\"@id\":\"https:\/\/vitauro.es\/?p=494#article\",\"isPartOf\":{\"@id\":\"https:\/\/vitauro.es\/?p=494\"},\"author\":{\"name\":\"admin\",\"@id\":\"https:\/\/vitauro.es\/#\/schema\/person\/e4fc1aba9bf6424feacee5249e8992a5\"},\"headline\":\"TARDE DE TOREO CL\u00c1SICO EN ROA DE DUERO\",\"datePublished\":\"2026-03-12T21:27:23+00:00\",\"dateModified\":\"2026-03-12T21:28:37+00:00\",\"mainEntityOfPage\":{\"@id\":\"https:\/\/vitauro.es\/?p=494\"},\"wordCount\":470,\"publisher\":{\"@id\":\"https:\/\/vitauro.es\/#organization\"},\"image\":{\"@id\":\"https:\/\/vitauro.es\/?p=494#primaryimage\"},\"thumbnailUrl\":\"https:\/\/vitauro.es\/wp-content\/uploads\/2026\/03\/agosto_4.jpeg\",\"keywords\":[\"2025\",\"Feria\",\"Roa de Duero\"],\"articleSection\":[\"Eventos\",\"Noticias\"],\"inLanguage\":\"es\"},{\"@type\":\"WebPage\",\"@id\":\"https:\/\/vitauro.es\/?p=494\",\"url\":\"https:\/\/vitauro.es\/?p=494\",\"name\":\"TARDE DE TOREO CL\u00c1SICO EN ROA DE DUERO - ViTauro\",\"isPartOf\":{\"@id\":\"https:\/\/vitauro.es\/#website\"},\"primaryImageOfPage\":{\"@id\":\"https:\/\/vitauro.es\/?p=494#primaryimage\"},\"image\":{\"@id\":\"https:\/\/vitauro.es\/?p=494#primaryimage\"},\"thumbnailUrl\":\"https:\/\/vitauro.es\/wp-content\/uploads\/2026\/03\/agosto_4.jpeg\",\"datePublished\":\"2026-03-12T21:27:23+00:00\",\"dateModified\":\"2026-03-12T21:28:37+00:00\",\"breadcrumb\":{\"@id\":\"https:\/\/vitauro.es\/?p=494#breadcrumb\"},\"inLanguage\":\"es\",\"potentialAction\":[{\"@type\":\"ReadAction\",\"target\":[\"https:\/\/vitauro.es\/?p=494\"]}]},{\"@type\":\"ImageObject\",\"inLanguage\":\"es\",\"@id\":\"https:\/\/vitauro.es\/?p=494#primaryimage\",\"url\":\"https:\/\/vitauro.es\/wp-content\/uploads\/2026\/03\/agosto_4.jpeg\",\"contentUrl\":\"https:\/\/vitauro.es\/wp-content\/uploads\/2026\/03\/agosto_4.jpeg\",\"width\":300,\"height\":225},{\"@type\":\"BreadcrumbList\",\"@id\":\"https:\/\/vitauro.es\/?p=494#breadcrumb\",\"itemListElement\":[{\"@type\":\"ListItem\",\"position\":1,\"name\":\"Portada\",\"item\":\"https:\/\/vitauro.es\/\"},{\"@type\":\"ListItem\",\"position\":2,\"name\":\"TARDE DE TOREO CL\u00c1SICO EN ROA DE DUERO\"}]},{\"@type\":\"WebSite\",\"@id\":\"https:\/\/vitauro.es\/#website\",\"url\":\"https:\/\/vitauro.es\/\",\"name\":\"ViTauro\",\"description\":\"\",\"publisher\":{\"@id\":\"https:\/\/vitauro.es\/#organization\"},\"potentialAction\":[{\"@type\":\"SearchAction\",\"target\":{\"@type\":\"EntryPoint\",\"urlTemplate\":\"https:\/\/vitauro.es\/?s={search_term_string}\"},\"query-input\":{\"@type\":\"PropertyValueSpecification\",\"valueRequired\":true,\"valueName\":\"search_term_string\"}}],\"inLanguage\":\"es\"},{\"@type\":\"Organization\",\"@id\":\"https:\/\/vitauro.es\/#organization\",\"name\":\"ViTauro\",\"url\":\"https:\/\/vitauro.es\/\",\"logo\":{\"@type\":\"ImageObject\",\"inLanguage\":\"es\",\"@id\":\"https:\/\/vitauro.es\/#\/schema\/logo\/image\/\",\"url\":\"https:\/\/vitauro.es\/wp-content\/uploads\/2025\/05\/cropped-logo-vectorizado-2.png\",\"contentUrl\":\"https:\/\/vitauro.es\/wp-content\/uploads\/2025\/05\/cropped-logo-vectorizado-2.png\",\"width\":1546,\"height\":1564,\"caption\":\"ViTauro\"},\"image\":{\"@id\":\"https:\/\/vitauro.es\/#\/schema\/logo\/image\/\"}},{\"@type\":\"Person\",\"@id\":\"https:\/\/vitauro.es\/#\/schema\/person\/e4fc1aba9bf6424feacee5249e8992a5\",\"name\":\"admin\",\"image\":{\"@type\":\"ImageObject\",\"inLanguage\":\"es\",\"@id\":\"https:\/\/vitauro.es\/#\/schema\/person\/image\/\",\"url\":\"https:\/\/secure.gravatar.com\/avatar\/9ac643e4f8c76a330ee243d493bd429d01832afd4eedc44e6c704f573abe6cab?s=96&d=mm&r=g\",\"contentUrl\":\"https:\/\/secure.gravatar.com\/avatar\/9ac643e4f8c76a330ee243d493bd429d01832afd4eedc44e6c704f573abe6cab?s=96&d=mm&r=g\",\"caption\":\"admin\"},\"sameAs\":[\"https:\/\/vitauro.es\"],\"url\":\"https:\/\/vitauro.es\/?author=1\"}]}<\/script>\n<!-- \/ Yoast SEO plugin. -->","yoast_head_json":{"title":"TARDE DE TOREO CL\u00c1SICO EN ROA DE DUERO - ViTauro","robots":{"index":"index","follow":"follow","max-snippet":"max-snippet:-1","max-image-preview":"max-image-preview:large","max-video-preview":"max-video-preview:-1"},"canonical":"https:\/\/vitauro.es\/?p=494","og_locale":"es_ES","og_type":"article","og_title":"TARDE DE TOREO CL\u00c1SICO EN ROA DE DUERO - ViTauro","og_description":"Javier Cort\u00e9s y Jarocho cortan una oreja en una tarde de toreo cl\u00e1sico en Roa de Duero. Morenito de Aranda pierde por la espada el triunfo en una tarde condicionada por el mal uso de los aceros.","og_url":"https:\/\/vitauro.es\/?p=494","og_site_name":"ViTauro","article_published_time":"2026-03-12T21:27:23+00:00","article_modified_time":"2026-03-12T21:28:37+00:00","og_image":[{"width":300,"height":225,"url":"https:\/\/vitauro.es\/wp-content\/uploads\/2026\/03\/agosto_4.jpeg","type":"image\/jpeg"}],"author":"admin","twitter_card":"summary_large_image","twitter_misc":{"Escrito por":"admin","Tiempo de lectura":"4 minutos"},"schema":{"@context":"https:\/\/schema.org","@graph":[{"@type":"Article","@id":"https:\/\/vitauro.es\/?p=494#article","isPartOf":{"@id":"https:\/\/vitauro.es\/?p=494"},"author":{"name":"admin","@id":"https:\/\/vitauro.es\/#\/schema\/person\/e4fc1aba9bf6424feacee5249e8992a5"},"headline":"TARDE DE TOREO CL\u00c1SICO EN ROA DE DUERO","datePublished":"2026-03-12T21:27:23+00:00","dateModified":"2026-03-12T21:28:37+00:00","mainEntityOfPage":{"@id":"https:\/\/vitauro.es\/?p=494"},"wordCount":470,"publisher":{"@id":"https:\/\/vitauro.es\/#organization"},"image":{"@id":"https:\/\/vitauro.es\/?p=494#primaryimage"},"thumbnailUrl":"https:\/\/vitauro.es\/wp-content\/uploads\/2026\/03\/agosto_4.jpeg","keywords":["2025","Feria","Roa de Duero"],"articleSection":["Eventos","Noticias"],"inLanguage":"es"},{"@type":"WebPage","@id":"https:\/\/vitauro.es\/?p=494","url":"https:\/\/vitauro.es\/?p=494","name":"TARDE DE TOREO CL\u00c1SICO EN ROA DE DUERO - ViTauro","isPartOf":{"@id":"https:\/\/vitauro.es\/#website"},"primaryImageOfPage":{"@id":"https:\/\/vitauro.es\/?p=494#primaryimage"},"image":{"@id":"https:\/\/vitauro.es\/?p=494#primaryimage"},"thumbnailUrl":"https:\/\/vitauro.es\/wp-content\/uploads\/2026\/03\/agosto_4.jpeg","datePublished":"2026-03-12T21:27:23+00:00","dateModified":"2026-03-12T21:28:37+00:00","breadcrumb":{"@id":"https:\/\/vitauro.es\/?p=494#breadcrumb"},"inLanguage":"es","potentialAction":[{"@type":"ReadAction","target":["https:\/\/vitauro.es\/?p=494"]}]},{"@type":"ImageObject","inLanguage":"es","@id":"https:\/\/vitauro.es\/?p=494#primaryimage","url":"https:\/\/vitauro.es\/wp-content\/uploads\/2026\/03\/agosto_4.jpeg","contentUrl":"https:\/\/vitauro.es\/wp-content\/uploads\/2026\/03\/agosto_4.jpeg","width":300,"height":225},{"@type":"BreadcrumbList","@id":"https:\/\/vitauro.es\/?p=494#breadcrumb","itemListElement":[{"@type":"ListItem","position":1,"name":"Portada","item":"https:\/\/vitauro.es\/"},{"@type":"ListItem","position":2,"name":"TARDE DE TOREO CL\u00c1SICO EN ROA DE DUERO"}]},{"@type":"WebSite","@id":"https:\/\/vitauro.es\/#website","url":"https:\/\/vitauro.es\/","name":"ViTauro","description":"","publisher":{"@id":"https:\/\/vitauro.es\/#organization"},"potentialAction":[{"@type":"SearchAction","target":{"@type":"EntryPoint","urlTemplate":"https:\/\/vitauro.es\/?s={search_term_string}"},"query-input":{"@type":"PropertyValueSpecification","valueRequired":true,"valueName":"search_term_string"}}],"inLanguage":"es"},{"@type":"Organization","@id":"https:\/\/vitauro.es\/#organization","name":"ViTauro","url":"https:\/\/vitauro.es\/","logo":{"@type":"ImageObject","inLanguage":"es","@id":"https:\/\/vitauro.es\/#\/schema\/logo\/image\/","url":"https:\/\/vitauro.es\/wp-content\/uploads\/2025\/05\/cropped-logo-vectorizado-2.png","contentUrl":"https:\/\/vitauro.es\/wp-content\/uploads\/2025\/05\/cropped-logo-vectorizado-2.png","width":1546,"height":1564,"caption":"ViTauro"},"image":{"@id":"https:\/\/vitauro.es\/#\/schema\/logo\/image\/"}},{"@type":"Person","@id":"https:\/\/vitauro.es\/#\/schema\/person\/e4fc1aba9bf6424feacee5249e8992a5","name":"admin","image":{"@type":"ImageObject","inLanguage":"es","@id":"https:\/\/vitauro.es\/#\/schema\/person\/image\/","url":"https:\/\/secure.gravatar.com\/avatar\/9ac643e4f8c76a330ee243d493bd429d01832afd4eedc44e6c704f573abe6cab?s=96&d=mm&r=g","contentUrl":"https:\/\/secure.gravatar.com\/avatar\/9ac643e4f8c76a330ee243d493bd429d01832afd4eedc44e6c704f573abe6cab?s=96&d=mm&r=g","caption":"admin"},"sameAs":["https:\/\/vitauro.es"],"url":"https:\/\/vitauro.es\/?author=1"}]}},"_links":{"self":[{"href":"https:\/\/vitauro.es\/index.php?rest_route=\/wp\/v2\/posts\/494","targetHints":{"allow":["GET"]}}],"collection":[{"href":"https:\/\/vitauro.es\/index.php?rest_route=\/wp\/v2\/posts"}],"about":[{"href":"https:\/\/vitauro.es\/index.php?rest_route=\/wp\/v2\/types\/post"}],"author":[{"embeddable":true,"href":"https:\/\/vitauro.es\/index.php?rest_route=\/wp\/v2\/users\/1"}],"replies":[{"embeddable":true,"href":"https:\/\/vitauro.es\/index.php?rest_route=%2Fwp%2Fv2%2Fcomments&post=494"}],"version-history":[{"count":2,"href":"https:\/\/vitauro.es\/index.php?rest_route=\/wp\/v2\/posts\/494\/revisions"}],"predecessor-version":[{"id":502,"href":"https:\/\/vitauro.es\/index.php?rest_route=\/wp\/v2\/posts\/494\/revisions\/502"}],"wp:featuredmedia":[{"embeddable":true,"href":"https:\/\/vitauro.es\/index.php?rest_route=\/wp\/v2\/media\/503"}],"wp:attachment":[{"href":"https:\/\/vitauro.es\/index.php?rest_route=%2Fwp%2Fv2%2Fmedia&parent=494"}],"wp:term":[{"taxonomy":"category","embeddable":true,"href":"https:\/\/vitauro.es\/index.php?rest_route=%2Fwp%2Fv2%2Fcategories&post=494"},{"taxonomy":"post_tag","embeddable":true,"href":"https:\/\/vitauro.es\/index.php?rest_route=%2Fwp%2Fv2%2Ftags&post=494"}],"curies":[{"name":"wp","href":"https:\/\/api.w.org\/{rel}","templated":true}]}}