{"id":483,"date":"2026-03-12T20:54:42","date_gmt":"2026-03-12T20:54:42","guid":{"rendered":"https:\/\/vitauro.es\/?p=483"},"modified":"2026-03-12T21:22:11","modified_gmt":"2026-03-12T21:22:11","slug":"feria-de-roa-de-duero-3-2","status":"publish","type":"post","link":"https:\/\/vitauro.es\/?p=483","title":{"rendered":"SORTEADOS LOS TOROS DE BUENAVISTA"},"content":{"rendered":"\n<p class=\"has-text-align-center has-jost-font-family has-regular-font-size\"><strong><strong>Sorteados los toros de Buenavista para el \u00faltimo festejo de la feria de Roa de Duero<\/strong><\/strong><\/p>\n\n\n\n<p class=\"has-text-align-center has-jost-font-family has-regular-font-size\">Har\u00e1n el pase\u00edllo Morenito de Aranda, Javier Cort\u00e9s y Jarocho<\/p>\n\n\n\n<p class=\"has-jost-font-family has-regular-font-size\">Ya han sido sorteados los toros de la ganader\u00eda de\u00a0<strong>Buenavista\u00a0<\/strong>para el \u00faltimo festejo de la feria de\u00a0<strong>Roa de Duero.\u00a0<\/strong>En el cartel, est\u00e1n anunciados\u00a0<strong>Morenito de Aranda, Javier Cort\u00e9s<\/strong>\u00a0y\u00a0<strong>Jarocho.<\/strong>\u00a0El festejo comienza a las 18:30 horas.<\/p>\n\n\n\n<figure class=\"wp-block-image aligncenter size-full\"><img loading=\"lazy\" decoding=\"async\" width=\"1281\" height=\"1025\" src=\"https:\/\/vitauro.es\/wp-content\/uploads\/2026\/03\/sorteo-roa-agosto-1.jpg\" alt=\"\" class=\"wp-image-491\" style=\"object-fit:cover\" srcset=\"https:\/\/vitauro.es\/wp-content\/uploads\/2026\/03\/sorteo-roa-agosto-1.jpg 1281w, https:\/\/vitauro.es\/wp-content\/uploads\/2026\/03\/sorteo-roa-agosto-1-300x240.jpg 300w, https:\/\/vitauro.es\/wp-content\/uploads\/2026\/03\/sorteo-roa-agosto-1-1024x819.jpg 1024w, https:\/\/vitauro.es\/wp-content\/uploads\/2026\/03\/sorteo-roa-agosto-1-768x615.jpg 768w\" sizes=\"auto, (max-width: 1281px) 100vw, 1281px\" \/><\/figure>\n\n\n\n<p class=\"has-jost-font-family has-regular-font-size\"><br><\/p>\n","protected":false},"excerpt":{"rendered":"<p>Sorteados los toros de Buenavista para el \u00faltimo festejo de la feria de Roa de Duero<br \/>\nHar\u00e1n el pase\u00edllo Morenito de Aranda, Javier Cort\u00e9s y Jarocho<\/p>\n","protected":false},"author":1,"featured_media":491,"comment_status":"open","ping_status":"open","sticky":false,"template":"","format":"standard","meta":{"footnotes":""},"categories":[9,8],"tags":[12,10,18],"class_list":["post-483","post","type-post","status-publish","format-standard","has-post-thumbnail","hentry","category-events","category-news","tag-12","tag-feria","tag-roa-de-duero"],"yoast_head":"<!-- This site is optimized with the Yoast SEO plugin v27.1.1 - https:\/\/yoast.com\/product\/yoast-seo-wordpress\/ -->\n<title>SORTEADOS LOS TOROS DE BUENAVISTA - ViTauro<\/title>\n<meta name=\"robots\" content=\"index, follow, max-snippet:-1, max-image-preview:large, max-video-preview:-1\" \/>\n<link rel=\"canonical\" href=\"https:\/\/vitauro.es\/?p=483\" \/>\n<meta property=\"og:locale\" content=\"es_ES\" \/>\n<meta property=\"og:type\" content=\"article\" \/>\n<meta property=\"og:title\" content=\"SORTEADOS LOS TOROS DE BUENAVISTA - ViTauro\" \/>\n<meta property=\"og:description\" content=\"Sorteados los toros de Buenavista para el \u00faltimo festejo de la feria de Roa de Duero Har\u00e1n el pase\u00edllo Morenito de Aranda, Javier Cort\u00e9s y Jarocho\" \/>\n<meta property=\"og:url\" content=\"https:\/\/vitauro.es\/?p=483\" \/>\n<meta property=\"og:site_name\" content=\"ViTauro\" \/>\n<meta property=\"article:published_time\" content=\"2026-03-12T20:54:42+00:00\" \/>\n<meta property=\"article:modified_time\" content=\"2026-03-12T21:22:11+00:00\" \/>\n<meta property=\"og:image\" content=\"https:\/\/vitauro.es\/wp-content\/uploads\/2026\/03\/sorteo-roa-agosto-1.jpg\" \/>\n\t<meta property=\"og:image:width\" content=\"1281\" \/>\n\t<meta property=\"og:image:height\" content=\"1025\" \/>\n\t<meta property=\"og:image:type\" content=\"image\/jpeg\" \/>\n<meta name=\"author\" content=\"admin\" \/>\n<meta name=\"twitter:card\" content=\"summary_large_image\" \/>\n<meta name=\"twitter:label1\" content=\"Escrito por\" \/>\n\t<meta name=\"twitter:data1\" content=\"admin\" \/>\n\t<meta name=\"twitter:label2\" content=\"Tiempo de lectura\" \/>\n\t<meta name=\"twitter:data2\" content=\"1 minuto\" \/>\n<script type=\"application\/ld+json\" class=\"yoast-schema-graph\">{\"@context\":\"https:\/\/schema.org\",\"@graph\":[{\"@type\":\"Article\",\"@id\":\"https:\/\/vitauro.es\/?p=483#article\",\"isPartOf\":{\"@id\":\"https:\/\/vitauro.es\/?p=483\"},\"author\":{\"name\":\"admin\",\"@id\":\"https:\/\/vitauro.es\/#\/schema\/person\/e4fc1aba9bf6424feacee5249e8992a5\"},\"headline\":\"SORTEADOS LOS TOROS DE BUENAVISTA\",\"datePublished\":\"2026-03-12T20:54:42+00:00\",\"dateModified\":\"2026-03-12T21:22:11+00:00\",\"mainEntityOfPage\":{\"@id\":\"https:\/\/vitauro.es\/?p=483\"},\"wordCount\":77,\"commentCount\":0,\"publisher\":{\"@id\":\"https:\/\/vitauro.es\/#organization\"},\"image\":{\"@id\":\"https:\/\/vitauro.es\/?p=483#primaryimage\"},\"thumbnailUrl\":\"https:\/\/vitauro.es\/wp-content\/uploads\/2026\/03\/sorteo-roa-agosto-1.jpg\",\"keywords\":[\"2025\",\"Feria\",\"Roa de Duero\"],\"articleSection\":[\"Eventos\",\"Noticias\"],\"inLanguage\":\"es\",\"potentialAction\":[{\"@type\":\"CommentAction\",\"name\":\"Comment\",\"target\":[\"https:\/\/vitauro.es\/?p=483#respond\"]}]},{\"@type\":\"WebPage\",\"@id\":\"https:\/\/vitauro.es\/?p=483\",\"url\":\"https:\/\/vitauro.es\/?p=483\",\"name\":\"SORTEADOS LOS TOROS DE BUENAVISTA - ViTauro\",\"isPartOf\":{\"@id\":\"https:\/\/vitauro.es\/#website\"},\"primaryImageOfPage\":{\"@id\":\"https:\/\/vitauro.es\/?p=483#primaryimage\"},\"image\":{\"@id\":\"https:\/\/vitauro.es\/?p=483#primaryimage\"},\"thumbnailUrl\":\"https:\/\/vitauro.es\/wp-content\/uploads\/2026\/03\/sorteo-roa-agosto-1.jpg\",\"datePublished\":\"2026-03-12T20:54:42+00:00\",\"dateModified\":\"2026-03-12T21:22:11+00:00\",\"breadcrumb\":{\"@id\":\"https:\/\/vitauro.es\/?p=483#breadcrumb\"},\"inLanguage\":\"es\",\"potentialAction\":[{\"@type\":\"ReadAction\",\"target\":[\"https:\/\/vitauro.es\/?p=483\"]}]},{\"@type\":\"ImageObject\",\"inLanguage\":\"es\",\"@id\":\"https:\/\/vitauro.es\/?p=483#primaryimage\",\"url\":\"https:\/\/vitauro.es\/wp-content\/uploads\/2026\/03\/sorteo-roa-agosto-1.jpg\",\"contentUrl\":\"https:\/\/vitauro.es\/wp-content\/uploads\/2026\/03\/sorteo-roa-agosto-1.jpg\",\"width\":1281,\"height\":1025},{\"@type\":\"BreadcrumbList\",\"@id\":\"https:\/\/vitauro.es\/?p=483#breadcrumb\",\"itemListElement\":[{\"@type\":\"ListItem\",\"position\":1,\"name\":\"Portada\",\"item\":\"https:\/\/vitauro.es\/\"},{\"@type\":\"ListItem\",\"position\":2,\"name\":\"SORTEADOS LOS TOROS DE BUENAVISTA\"}]},{\"@type\":\"WebSite\",\"@id\":\"https:\/\/vitauro.es\/#website\",\"url\":\"https:\/\/vitauro.es\/\",\"name\":\"ViTauro\",\"description\":\"\",\"publisher\":{\"@id\":\"https:\/\/vitauro.es\/#organization\"},\"potentialAction\":[{\"@type\":\"SearchAction\",\"target\":{\"@type\":\"EntryPoint\",\"urlTemplate\":\"https:\/\/vitauro.es\/?s={search_term_string}\"},\"query-input\":{\"@type\":\"PropertyValueSpecification\",\"valueRequired\":true,\"valueName\":\"search_term_string\"}}],\"inLanguage\":\"es\"},{\"@type\":\"Organization\",\"@id\":\"https:\/\/vitauro.es\/#organization\",\"name\":\"ViTauro\",\"url\":\"https:\/\/vitauro.es\/\",\"logo\":{\"@type\":\"ImageObject\",\"inLanguage\":\"es\",\"@id\":\"https:\/\/vitauro.es\/#\/schema\/logo\/image\/\",\"url\":\"https:\/\/vitauro.es\/wp-content\/uploads\/2025\/05\/cropped-logo-vectorizado-2.png\",\"contentUrl\":\"https:\/\/vitauro.es\/wp-content\/uploads\/2025\/05\/cropped-logo-vectorizado-2.png\",\"width\":1546,\"height\":1564,\"caption\":\"ViTauro\"},\"image\":{\"@id\":\"https:\/\/vitauro.es\/#\/schema\/logo\/image\/\"}},{\"@type\":\"Person\",\"@id\":\"https:\/\/vitauro.es\/#\/schema\/person\/e4fc1aba9bf6424feacee5249e8992a5\",\"name\":\"admin\",\"image\":{\"@type\":\"ImageObject\",\"inLanguage\":\"es\",\"@id\":\"https:\/\/vitauro.es\/#\/schema\/person\/image\/\",\"url\":\"https:\/\/secure.gravatar.com\/avatar\/9ac643e4f8c76a330ee243d493bd429d01832afd4eedc44e6c704f573abe6cab?s=96&d=mm&r=g\",\"contentUrl\":\"https:\/\/secure.gravatar.com\/avatar\/9ac643e4f8c76a330ee243d493bd429d01832afd4eedc44e6c704f573abe6cab?s=96&d=mm&r=g\",\"caption\":\"admin\"},\"sameAs\":[\"https:\/\/vitauro.es\"],\"url\":\"https:\/\/vitauro.es\/?author=1\"}]}<\/script>\n<!-- \/ Yoast SEO plugin. -->","yoast_head_json":{"title":"SORTEADOS LOS TOROS DE BUENAVISTA - ViTauro","robots":{"index":"index","follow":"follow","max-snippet":"max-snippet:-1","max-image-preview":"max-image-preview:large","max-video-preview":"max-video-preview:-1"},"canonical":"https:\/\/vitauro.es\/?p=483","og_locale":"es_ES","og_type":"article","og_title":"SORTEADOS LOS TOROS DE BUENAVISTA - ViTauro","og_description":"Sorteados los toros de Buenavista para el \u00faltimo festejo de la feria de Roa de Duero Har\u00e1n el pase\u00edllo Morenito de Aranda, Javier Cort\u00e9s y Jarocho","og_url":"https:\/\/vitauro.es\/?p=483","og_site_name":"ViTauro","article_published_time":"2026-03-12T20:54:42+00:00","article_modified_time":"2026-03-12T21:22:11+00:00","og_image":[{"width":1281,"height":1025,"url":"https:\/\/vitauro.es\/wp-content\/uploads\/2026\/03\/sorteo-roa-agosto-1.jpg","type":"image\/jpeg"}],"author":"admin","twitter_card":"summary_large_image","twitter_misc":{"Escrito por":"admin","Tiempo de lectura":"1 minuto"},"schema":{"@context":"https:\/\/schema.org","@graph":[{"@type":"Article","@id":"https:\/\/vitauro.es\/?p=483#article","isPartOf":{"@id":"https:\/\/vitauro.es\/?p=483"},"author":{"name":"admin","@id":"https:\/\/vitauro.es\/#\/schema\/person\/e4fc1aba9bf6424feacee5249e8992a5"},"headline":"SORTEADOS LOS TOROS DE BUENAVISTA","datePublished":"2026-03-12T20:54:42+00:00","dateModified":"2026-03-12T21:22:11+00:00","mainEntityOfPage":{"@id":"https:\/\/vitauro.es\/?p=483"},"wordCount":77,"commentCount":0,"publisher":{"@id":"https:\/\/vitauro.es\/#organization"},"image":{"@id":"https:\/\/vitauro.es\/?p=483#primaryimage"},"thumbnailUrl":"https:\/\/vitauro.es\/wp-content\/uploads\/2026\/03\/sorteo-roa-agosto-1.jpg","keywords":["2025","Feria","Roa de Duero"],"articleSection":["Eventos","Noticias"],"inLanguage":"es","potentialAction":[{"@type":"CommentAction","name":"Comment","target":["https:\/\/vitauro.es\/?p=483#respond"]}]},{"@type":"WebPage","@id":"https:\/\/vitauro.es\/?p=483","url":"https:\/\/vitauro.es\/?p=483","name":"SORTEADOS LOS TOROS DE BUENAVISTA - ViTauro","isPartOf":{"@id":"https:\/\/vitauro.es\/#website"},"primaryImageOfPage":{"@id":"https:\/\/vitauro.es\/?p=483#primaryimage"},"image":{"@id":"https:\/\/vitauro.es\/?p=483#primaryimage"},"thumbnailUrl":"https:\/\/vitauro.es\/wp-content\/uploads\/2026\/03\/sorteo-roa-agosto-1.jpg","datePublished":"2026-03-12T20:54:42+00:00","dateModified":"2026-03-12T21:22:11+00:00","breadcrumb":{"@id":"https:\/\/vitauro.es\/?p=483#breadcrumb"},"inLanguage":"es","potentialAction":[{"@type":"ReadAction","target":["https:\/\/vitauro.es\/?p=483"]}]},{"@type":"ImageObject","inLanguage":"es","@id":"https:\/\/vitauro.es\/?p=483#primaryimage","url":"https:\/\/vitauro.es\/wp-content\/uploads\/2026\/03\/sorteo-roa-agosto-1.jpg","contentUrl":"https:\/\/vitauro.es\/wp-content\/uploads\/2026\/03\/sorteo-roa-agosto-1.jpg","width":1281,"height":1025},{"@type":"BreadcrumbList","@id":"https:\/\/vitauro.es\/?p=483#breadcrumb","itemListElement":[{"@type":"ListItem","position":1,"name":"Portada","item":"https:\/\/vitauro.es\/"},{"@type":"ListItem","position":2,"name":"SORTEADOS LOS TOROS DE BUENAVISTA"}]},{"@type":"WebSite","@id":"https:\/\/vitauro.es\/#website","url":"https:\/\/vitauro.es\/","name":"ViTauro","description":"","publisher":{"@id":"https:\/\/vitauro.es\/#organization"},"potentialAction":[{"@type":"SearchAction","target":{"@type":"EntryPoint","urlTemplate":"https:\/\/vitauro.es\/?s={search_term_string}"},"query-input":{"@type":"PropertyValueSpecification","valueRequired":true,"valueName":"search_term_string"}}],"inLanguage":"es"},{"@type":"Organization","@id":"https:\/\/vitauro.es\/#organization","name":"ViTauro","url":"https:\/\/vitauro.es\/","logo":{"@type":"ImageObject","inLanguage":"es","@id":"https:\/\/vitauro.es\/#\/schema\/logo\/image\/","url":"https:\/\/vitauro.es\/wp-content\/uploads\/2025\/05\/cropped-logo-vectorizado-2.png","contentUrl":"https:\/\/vitauro.es\/wp-content\/uploads\/2025\/05\/cropped-logo-vectorizado-2.png","width":1546,"height":1564,"caption":"ViTauro"},"image":{"@id":"https:\/\/vitauro.es\/#\/schema\/logo\/image\/"}},{"@type":"Person","@id":"https:\/\/vitauro.es\/#\/schema\/person\/e4fc1aba9bf6424feacee5249e8992a5","name":"admin","image":{"@type":"ImageObject","inLanguage":"es","@id":"https:\/\/vitauro.es\/#\/schema\/person\/image\/","url":"https:\/\/secure.gravatar.com\/avatar\/9ac643e4f8c76a330ee243d493bd429d01832afd4eedc44e6c704f573abe6cab?s=96&d=mm&r=g","contentUrl":"https:\/\/secure.gravatar.com\/avatar\/9ac643e4f8c76a330ee243d493bd429d01832afd4eedc44e6c704f573abe6cab?s=96&d=mm&r=g","caption":"admin"},"sameAs":["https:\/\/vitauro.es"],"url":"https:\/\/vitauro.es\/?author=1"}]}},"_links":{"self":[{"href":"https:\/\/vitauro.es\/index.php?rest_route=\/wp\/v2\/posts\/483","targetHints":{"allow":["GET"]}}],"collection":[{"href":"https:\/\/vitauro.es\/index.php?rest_route=\/wp\/v2\/posts"}],"about":[{"href":"https:\/\/vitauro.es\/index.php?rest_route=\/wp\/v2\/types\/post"}],"author":[{"embeddable":true,"href":"https:\/\/vitauro.es\/index.php?rest_route=\/wp\/v2\/users\/1"}],"replies":[{"embeddable":true,"href":"https:\/\/vitauro.es\/index.php?rest_route=%2Fwp%2Fv2%2Fcomments&post=483"}],"version-history":[{"count":5,"href":"https:\/\/vitauro.es\/index.php?rest_route=\/wp\/v2\/posts\/483\/revisions"}],"predecessor-version":[{"id":493,"href":"https:\/\/vitauro.es\/index.php?rest_route=\/wp\/v2\/posts\/483\/revisions\/493"}],"wp:featuredmedia":[{"embeddable":true,"href":"https:\/\/vitauro.es\/index.php?rest_route=\/wp\/v2\/media\/491"}],"wp:attachment":[{"href":"https:\/\/vitauro.es\/index.php?rest_route=%2Fwp%2Fv2%2Fmedia&parent=483"}],"wp:term":[{"taxonomy":"category","embeddable":true,"href":"https:\/\/vitauro.es\/index.php?rest_route=%2Fwp%2Fv2%2Fcategories&post=483"},{"taxonomy":"post_tag","embeddable":true,"href":"https:\/\/vitauro.es\/index.php?rest_route=%2Fwp%2Fv2%2Ftags&post=483"}],"curies":[{"name":"wp","href":"https:\/\/api.w.org\/{rel}","templated":true}]}}