{"id":471,"date":"2026-03-12T20:27:10","date_gmt":"2026-03-12T20:27:10","guid":{"rendered":"https:\/\/vitauro.es\/?p=471"},"modified":"2026-03-13T08:01:11","modified_gmt":"2026-03-13T08:01:11","slug":"feria-de-roa-de-duero-2","status":"publish","type":"post","link":"https:\/\/vitauro.es\/?p=471","title":{"rendered":"DUARTE FERNANDES, TRIUNFO EN LA APERTURA DE ROA"},"content":{"rendered":"\n<p class=\"has-jost-font-family has-regular-font-size\">Roa de Duero (Burgos) Espa\u00f1a \u2013<\/p>\n\n\n\n<p>Toros de La Castilleja para Andy Cartagena, oreja; Sergio Gal\u00e1n, silencio, ovaci\u00f3n en el que mat\u00f3 por Andy Cartagena y silencio; y Duarte Fernandes, dos orejas y ovaci\u00f3n.<\/p>\n\n\n\n<p><strong>Duarte Fernandes<\/strong>&nbsp;ha sido el gran triunfador de la tarde en&nbsp;<strong>Roa de Duero<\/strong>&nbsp;tras pasear las dos orejas del tercero de la tarde en una actuaci\u00f3n llena de personalidad del rejoneador portugu\u00e9s. Una faena llena de carisma y transmisi\u00f3n que estuvo a punto de replicar en el quinto, pero el fallo con el rej\u00f3n de acero emborron\u00f3 otra buena labor del luso.&nbsp;<strong>Sergio Gal\u00e1n<\/strong>&nbsp;dio la cara y mostr\u00f3 capacidad y profesionalidad frente a los tres toros que lidi\u00f3, ya que tuvo que hacerse cargo del cuarto tras sufrir&nbsp;<strong>Andy Cartagena<\/strong>&nbsp;un tir\u00f3n muscular en los aductores que le impidi\u00f3 continuar la lidia, no sin antes pasear una oreja de m\u00e9rito frente al primero.<\/p>\n\n\n\n<p><strong>Duarte Fernandes&nbsp;<\/strong>mostr\u00f3 su gran momento frente al buen tercero, al que cuaj\u00f3 a placer en una faena vibrante y de mucha exposici\u00f3n, destacando el ajuste en la reuni\u00f3n de los los pares. Pase\u00f3 las dos orejas tras un certero rej\u00f3n de muerte.&nbsp;<strong>Duarte Fern\u00e1ndes<\/strong>&nbsp;se hizo cargo del quinto de la tarde, al que instrument\u00f3 otra faena de mucha calidad y desparpajo a la que solo le falt\u00f3 la r\u00fabrica del rej\u00f3n de muerte, cambiando los trofeos por una ovaci\u00f3n.<\/p>\n\n\n\n<p class=\"has-jost-font-family has-regular-font-size\"><strong>Sergio Gal\u00e1n&nbsp;<\/strong>se tuvo que lidiar al cuarto toro despu\u00e9s de que<strong>&nbsp;Andy Cartagena<\/strong>&nbsp;sufriera una rotura muscular que le impidi\u00f3 hacerse cargo de su toro, siendo el madrile\u00f1o ovacionado tras una faena solvente.&nbsp;<strong>Sergio Gal\u00e1n<\/strong>&nbsp;porfi\u00f3 con el segundo, un toro que se par\u00f3 y tuvo un comportamiento deslucido en una faena de mucho oficio del rejoneador. Con el sexto, volvi\u00f3 a firmar una faena importante pero que no termino de conectar con los tendidos. Silencio.<\/p>\n\n\n\n<p class=\"has-jost-font-family has-regular-font-size\"><\/p>\n\n\n\n<figure class=\"wp-block-gallery has-nested-images columns-default is-cropped wp-block-gallery-1 is-layout-flex wp-block-gallery-is-layout-flex\">\n<figure class=\"wp-block-image size-large\"><img loading=\"lazy\" decoding=\"async\" width=\"350\" height=\"350\" data-id=\"474\" src=\"https:\/\/vitauro.es\/wp-content\/uploads\/2026\/03\/roa_15_agosto_3.jpeg\" alt=\"\" class=\"wp-image-474\" srcset=\"https:\/\/vitauro.es\/wp-content\/uploads\/2026\/03\/roa_15_agosto_3.jpeg 350w, https:\/\/vitauro.es\/wp-content\/uploads\/2026\/03\/roa_15_agosto_3-300x300.jpeg 300w, https:\/\/vitauro.es\/wp-content\/uploads\/2026\/03\/roa_15_agosto_3-150x150.jpeg 150w\" sizes=\"auto, (max-width: 350px) 100vw, 350px\" \/><\/figure>\n\n\n\n<figure class=\"wp-block-image size-large\"><img loading=\"lazy\" decoding=\"async\" width=\"350\" height=\"350\" data-id=\"475\" src=\"https:\/\/vitauro.es\/wp-content\/uploads\/2026\/03\/roa_15_agosto_2.jpeg\" alt=\"\" class=\"wp-image-475\" srcset=\"https:\/\/vitauro.es\/wp-content\/uploads\/2026\/03\/roa_15_agosto_2.jpeg 350w, https:\/\/vitauro.es\/wp-content\/uploads\/2026\/03\/roa_15_agosto_2-300x300.jpeg 300w, https:\/\/vitauro.es\/wp-content\/uploads\/2026\/03\/roa_15_agosto_2-150x150.jpeg 150w\" sizes=\"auto, (max-width: 350px) 100vw, 350px\" \/><\/figure>\n\n\n\n<figure class=\"wp-block-image size-large\"><img loading=\"lazy\" decoding=\"async\" width=\"350\" height=\"350\" data-id=\"476\" src=\"https:\/\/vitauro.es\/wp-content\/uploads\/2026\/03\/roa_15_agosto.jpeg\" alt=\"\" class=\"wp-image-476\" srcset=\"https:\/\/vitauro.es\/wp-content\/uploads\/2026\/03\/roa_15_agosto.jpeg 350w, https:\/\/vitauro.es\/wp-content\/uploads\/2026\/03\/roa_15_agosto-300x300.jpeg 300w, https:\/\/vitauro.es\/wp-content\/uploads\/2026\/03\/roa_15_agosto-150x150.jpeg 150w\" sizes=\"auto, (max-width: 350px) 100vw, 350px\" \/><\/figure>\n<\/figure>\n","protected":false},"excerpt":{"rendered":"<p>Oreja para Andy Cartagena, que no pudo lidiar el cuarto tras sufrir un desgarro en el aductor y disposici\u00f3n de Sergio Gal\u00e1n<\/p>\n","protected":false},"author":1,"featured_media":473,"comment_status":"closed","ping_status":"open","sticky":false,"template":"","format":"standard","meta":{"footnotes":""},"categories":[9,8],"tags":[12,10,18],"class_list":["post-471","post","type-post","status-publish","format-standard","has-post-thumbnail","hentry","category-events","category-news","tag-12","tag-feria","tag-roa-de-duero"],"yoast_head":"<!-- This site is optimized with the Yoast SEO plugin v27.1.1 - https:\/\/yoast.com\/product\/yoast-seo-wordpress\/ -->\n<title>DUARTE FERNANDES, TRIUNFO EN LA APERTURA DE ROA - ViTauro<\/title>\n<meta name=\"robots\" content=\"index, follow, max-snippet:-1, max-image-preview:large, max-video-preview:-1\" \/>\n<link rel=\"canonical\" href=\"https:\/\/vitauro.es\/?p=471\" \/>\n<meta property=\"og:locale\" content=\"es_ES\" \/>\n<meta property=\"og:type\" content=\"article\" \/>\n<meta property=\"og:title\" content=\"DUARTE FERNANDES, TRIUNFO EN LA APERTURA DE ROA - ViTauro\" \/>\n<meta property=\"og:description\" content=\"Oreja para Andy Cartagena, que no pudo lidiar el cuarto tras sufrir un desgarro en el aductor y disposici\u00f3n de Sergio Gal\u00e1n\" \/>\n<meta property=\"og:url\" content=\"https:\/\/vitauro.es\/?p=471\" \/>\n<meta property=\"og:site_name\" content=\"ViTauro\" \/>\n<meta property=\"article:published_time\" content=\"2026-03-12T20:27:10+00:00\" \/>\n<meta property=\"article:modified_time\" content=\"2026-03-13T08:01:11+00:00\" \/>\n<meta property=\"og:image\" content=\"https:\/\/vitauro.es\/wp-content\/uploads\/2026\/03\/Duarte-Fernandes.jpg\" \/>\n\t<meta property=\"og:image:width\" content=\"750\" \/>\n\t<meta property=\"og:image:height\" content=\"536\" \/>\n\t<meta property=\"og:image:type\" content=\"image\/jpeg\" \/>\n<meta name=\"author\" content=\"admin\" \/>\n<meta name=\"twitter:card\" content=\"summary_large_image\" \/>\n<meta name=\"twitter:label1\" content=\"Escrito por\" \/>\n\t<meta name=\"twitter:data1\" content=\"admin\" \/>\n\t<meta name=\"twitter:label2\" content=\"Tiempo de lectura\" \/>\n\t<meta name=\"twitter:data2\" content=\"3 minutos\" \/>\n<script type=\"application\/ld+json\" class=\"yoast-schema-graph\">{\"@context\":\"https:\/\/schema.org\",\"@graph\":[{\"@type\":\"Article\",\"@id\":\"https:\/\/vitauro.es\/?p=471#article\",\"isPartOf\":{\"@id\":\"https:\/\/vitauro.es\/?p=471\"},\"author\":{\"name\":\"admin\",\"@id\":\"https:\/\/vitauro.es\/#\/schema\/person\/e4fc1aba9bf6424feacee5249e8992a5\"},\"headline\":\"DUARTE FERNANDES, TRIUNFO EN LA APERTURA DE ROA\",\"datePublished\":\"2026-03-12T20:27:10+00:00\",\"dateModified\":\"2026-03-13T08:01:11+00:00\",\"mainEntityOfPage\":{\"@id\":\"https:\/\/vitauro.es\/?p=471\"},\"wordCount\":351,\"publisher\":{\"@id\":\"https:\/\/vitauro.es\/#organization\"},\"image\":{\"@id\":\"https:\/\/vitauro.es\/?p=471#primaryimage\"},\"thumbnailUrl\":\"https:\/\/vitauro.es\/wp-content\/uploads\/2026\/03\/Duarte-Fernandes.jpg\",\"keywords\":[\"2025\",\"Feria\",\"Roa de Duero\"],\"articleSection\":[\"Eventos\",\"Noticias\"],\"inLanguage\":\"es\"},{\"@type\":\"WebPage\",\"@id\":\"https:\/\/vitauro.es\/?p=471\",\"url\":\"https:\/\/vitauro.es\/?p=471\",\"name\":\"DUARTE FERNANDES, TRIUNFO EN LA APERTURA DE ROA - ViTauro\",\"isPartOf\":{\"@id\":\"https:\/\/vitauro.es\/#website\"},\"primaryImageOfPage\":{\"@id\":\"https:\/\/vitauro.es\/?p=471#primaryimage\"},\"image\":{\"@id\":\"https:\/\/vitauro.es\/?p=471#primaryimage\"},\"thumbnailUrl\":\"https:\/\/vitauro.es\/wp-content\/uploads\/2026\/03\/Duarte-Fernandes.jpg\",\"datePublished\":\"2026-03-12T20:27:10+00:00\",\"dateModified\":\"2026-03-13T08:01:11+00:00\",\"breadcrumb\":{\"@id\":\"https:\/\/vitauro.es\/?p=471#breadcrumb\"},\"inLanguage\":\"es\",\"potentialAction\":[{\"@type\":\"ReadAction\",\"target\":[\"https:\/\/vitauro.es\/?p=471\"]}]},{\"@type\":\"ImageObject\",\"inLanguage\":\"es\",\"@id\":\"https:\/\/vitauro.es\/?p=471#primaryimage\",\"url\":\"https:\/\/vitauro.es\/wp-content\/uploads\/2026\/03\/Duarte-Fernandes.jpg\",\"contentUrl\":\"https:\/\/vitauro.es\/wp-content\/uploads\/2026\/03\/Duarte-Fernandes.jpg\",\"width\":750,\"height\":536},{\"@type\":\"BreadcrumbList\",\"@id\":\"https:\/\/vitauro.es\/?p=471#breadcrumb\",\"itemListElement\":[{\"@type\":\"ListItem\",\"position\":1,\"name\":\"Portada\",\"item\":\"https:\/\/vitauro.es\/\"},{\"@type\":\"ListItem\",\"position\":2,\"name\":\"DUARTE FERNANDES, TRIUNFO EN LA APERTURA DE ROA\"}]},{\"@type\":\"WebSite\",\"@id\":\"https:\/\/vitauro.es\/#website\",\"url\":\"https:\/\/vitauro.es\/\",\"name\":\"ViTauro\",\"description\":\"\",\"publisher\":{\"@id\":\"https:\/\/vitauro.es\/#organization\"},\"potentialAction\":[{\"@type\":\"SearchAction\",\"target\":{\"@type\":\"EntryPoint\",\"urlTemplate\":\"https:\/\/vitauro.es\/?s={search_term_string}\"},\"query-input\":{\"@type\":\"PropertyValueSpecification\",\"valueRequired\":true,\"valueName\":\"search_term_string\"}}],\"inLanguage\":\"es\"},{\"@type\":\"Organization\",\"@id\":\"https:\/\/vitauro.es\/#organization\",\"name\":\"ViTauro\",\"url\":\"https:\/\/vitauro.es\/\",\"logo\":{\"@type\":\"ImageObject\",\"inLanguage\":\"es\",\"@id\":\"https:\/\/vitauro.es\/#\/schema\/logo\/image\/\",\"url\":\"https:\/\/vitauro.es\/wp-content\/uploads\/2025\/05\/cropped-logo-vectorizado-2.png\",\"contentUrl\":\"https:\/\/vitauro.es\/wp-content\/uploads\/2025\/05\/cropped-logo-vectorizado-2.png\",\"width\":1546,\"height\":1564,\"caption\":\"ViTauro\"},\"image\":{\"@id\":\"https:\/\/vitauro.es\/#\/schema\/logo\/image\/\"}},{\"@type\":\"Person\",\"@id\":\"https:\/\/vitauro.es\/#\/schema\/person\/e4fc1aba9bf6424feacee5249e8992a5\",\"name\":\"admin\",\"image\":{\"@type\":\"ImageObject\",\"inLanguage\":\"es\",\"@id\":\"https:\/\/vitauro.es\/#\/schema\/person\/image\/\",\"url\":\"https:\/\/secure.gravatar.com\/avatar\/9ac643e4f8c76a330ee243d493bd429d01832afd4eedc44e6c704f573abe6cab?s=96&d=mm&r=g\",\"contentUrl\":\"https:\/\/secure.gravatar.com\/avatar\/9ac643e4f8c76a330ee243d493bd429d01832afd4eedc44e6c704f573abe6cab?s=96&d=mm&r=g\",\"caption\":\"admin\"},\"sameAs\":[\"https:\/\/vitauro.es\"],\"url\":\"https:\/\/vitauro.es\/?author=1\"}]}<\/script>\n<!-- \/ Yoast SEO plugin. -->","yoast_head_json":{"title":"DUARTE FERNANDES, TRIUNFO EN LA APERTURA DE ROA - ViTauro","robots":{"index":"index","follow":"follow","max-snippet":"max-snippet:-1","max-image-preview":"max-image-preview:large","max-video-preview":"max-video-preview:-1"},"canonical":"https:\/\/vitauro.es\/?p=471","og_locale":"es_ES","og_type":"article","og_title":"DUARTE FERNANDES, TRIUNFO EN LA APERTURA DE ROA - ViTauro","og_description":"Oreja para Andy Cartagena, que no pudo lidiar el cuarto tras sufrir un desgarro en el aductor y disposici\u00f3n de Sergio Gal\u00e1n","og_url":"https:\/\/vitauro.es\/?p=471","og_site_name":"ViTauro","article_published_time":"2026-03-12T20:27:10+00:00","article_modified_time":"2026-03-13T08:01:11+00:00","og_image":[{"width":750,"height":536,"url":"https:\/\/vitauro.es\/wp-content\/uploads\/2026\/03\/Duarte-Fernandes.jpg","type":"image\/jpeg"}],"author":"admin","twitter_card":"summary_large_image","twitter_misc":{"Escrito por":"admin","Tiempo de lectura":"3 minutos"},"schema":{"@context":"https:\/\/schema.org","@graph":[{"@type":"Article","@id":"https:\/\/vitauro.es\/?p=471#article","isPartOf":{"@id":"https:\/\/vitauro.es\/?p=471"},"author":{"name":"admin","@id":"https:\/\/vitauro.es\/#\/schema\/person\/e4fc1aba9bf6424feacee5249e8992a5"},"headline":"DUARTE FERNANDES, TRIUNFO EN LA APERTURA DE ROA","datePublished":"2026-03-12T20:27:10+00:00","dateModified":"2026-03-13T08:01:11+00:00","mainEntityOfPage":{"@id":"https:\/\/vitauro.es\/?p=471"},"wordCount":351,"publisher":{"@id":"https:\/\/vitauro.es\/#organization"},"image":{"@id":"https:\/\/vitauro.es\/?p=471#primaryimage"},"thumbnailUrl":"https:\/\/vitauro.es\/wp-content\/uploads\/2026\/03\/Duarte-Fernandes.jpg","keywords":["2025","Feria","Roa de Duero"],"articleSection":["Eventos","Noticias"],"inLanguage":"es"},{"@type":"WebPage","@id":"https:\/\/vitauro.es\/?p=471","url":"https:\/\/vitauro.es\/?p=471","name":"DUARTE FERNANDES, TRIUNFO EN LA APERTURA DE ROA - ViTauro","isPartOf":{"@id":"https:\/\/vitauro.es\/#website"},"primaryImageOfPage":{"@id":"https:\/\/vitauro.es\/?p=471#primaryimage"},"image":{"@id":"https:\/\/vitauro.es\/?p=471#primaryimage"},"thumbnailUrl":"https:\/\/vitauro.es\/wp-content\/uploads\/2026\/03\/Duarte-Fernandes.jpg","datePublished":"2026-03-12T20:27:10+00:00","dateModified":"2026-03-13T08:01:11+00:00","breadcrumb":{"@id":"https:\/\/vitauro.es\/?p=471#breadcrumb"},"inLanguage":"es","potentialAction":[{"@type":"ReadAction","target":["https:\/\/vitauro.es\/?p=471"]}]},{"@type":"ImageObject","inLanguage":"es","@id":"https:\/\/vitauro.es\/?p=471#primaryimage","url":"https:\/\/vitauro.es\/wp-content\/uploads\/2026\/03\/Duarte-Fernandes.jpg","contentUrl":"https:\/\/vitauro.es\/wp-content\/uploads\/2026\/03\/Duarte-Fernandes.jpg","width":750,"height":536},{"@type":"BreadcrumbList","@id":"https:\/\/vitauro.es\/?p=471#breadcrumb","itemListElement":[{"@type":"ListItem","position":1,"name":"Portada","item":"https:\/\/vitauro.es\/"},{"@type":"ListItem","position":2,"name":"DUARTE FERNANDES, TRIUNFO EN LA APERTURA DE ROA"}]},{"@type":"WebSite","@id":"https:\/\/vitauro.es\/#website","url":"https:\/\/vitauro.es\/","name":"ViTauro","description":"","publisher":{"@id":"https:\/\/vitauro.es\/#organization"},"potentialAction":[{"@type":"SearchAction","target":{"@type":"EntryPoint","urlTemplate":"https:\/\/vitauro.es\/?s={search_term_string}"},"query-input":{"@type":"PropertyValueSpecification","valueRequired":true,"valueName":"search_term_string"}}],"inLanguage":"es"},{"@type":"Organization","@id":"https:\/\/vitauro.es\/#organization","name":"ViTauro","url":"https:\/\/vitauro.es\/","logo":{"@type":"ImageObject","inLanguage":"es","@id":"https:\/\/vitauro.es\/#\/schema\/logo\/image\/","url":"https:\/\/vitauro.es\/wp-content\/uploads\/2025\/05\/cropped-logo-vectorizado-2.png","contentUrl":"https:\/\/vitauro.es\/wp-content\/uploads\/2025\/05\/cropped-logo-vectorizado-2.png","width":1546,"height":1564,"caption":"ViTauro"},"image":{"@id":"https:\/\/vitauro.es\/#\/schema\/logo\/image\/"}},{"@type":"Person","@id":"https:\/\/vitauro.es\/#\/schema\/person\/e4fc1aba9bf6424feacee5249e8992a5","name":"admin","image":{"@type":"ImageObject","inLanguage":"es","@id":"https:\/\/vitauro.es\/#\/schema\/person\/image\/","url":"https:\/\/secure.gravatar.com\/avatar\/9ac643e4f8c76a330ee243d493bd429d01832afd4eedc44e6c704f573abe6cab?s=96&d=mm&r=g","contentUrl":"https:\/\/secure.gravatar.com\/avatar\/9ac643e4f8c76a330ee243d493bd429d01832afd4eedc44e6c704f573abe6cab?s=96&d=mm&r=g","caption":"admin"},"sameAs":["https:\/\/vitauro.es"],"url":"https:\/\/vitauro.es\/?author=1"}]}},"_links":{"self":[{"href":"https:\/\/vitauro.es\/index.php?rest_route=\/wp\/v2\/posts\/471","targetHints":{"allow":["GET"]}}],"collection":[{"href":"https:\/\/vitauro.es\/index.php?rest_route=\/wp\/v2\/posts"}],"about":[{"href":"https:\/\/vitauro.es\/index.php?rest_route=\/wp\/v2\/types\/post"}],"author":[{"embeddable":true,"href":"https:\/\/vitauro.es\/index.php?rest_route=\/wp\/v2\/users\/1"}],"replies":[{"embeddable":true,"href":"https:\/\/vitauro.es\/index.php?rest_route=%2Fwp%2Fv2%2Fcomments&post=471"}],"version-history":[{"count":3,"href":"https:\/\/vitauro.es\/index.php?rest_route=\/wp\/v2\/posts\/471\/revisions"}],"predecessor-version":[{"id":520,"href":"https:\/\/vitauro.es\/index.php?rest_route=\/wp\/v2\/posts\/471\/revisions\/520"}],"wp:featuredmedia":[{"embeddable":true,"href":"https:\/\/vitauro.es\/index.php?rest_route=\/wp\/v2\/media\/473"}],"wp:attachment":[{"href":"https:\/\/vitauro.es\/index.php?rest_route=%2Fwp%2Fv2%2Fmedia&parent=471"}],"wp:term":[{"taxonomy":"category","embeddable":true,"href":"https:\/\/vitauro.es\/index.php?rest_route=%2Fwp%2Fv2%2Fcategories&post=471"},{"taxonomy":"post_tag","embeddable":true,"href":"https:\/\/vitauro.es\/index.php?rest_route=%2Fwp%2Fv2%2Ftags&post=471"}],"curies":[{"name":"wp","href":"https:\/\/api.w.org\/{rel}","templated":true}]}}