{"id":455,"date":"2025-07-24T12:20:25","date_gmt":"2025-07-24T12:20:25","guid":{"rendered":"https:\/\/vitauro.es\/?p=455"},"modified":"2025-07-24T12:25:00","modified_gmt":"2025-07-24T12:25:00","slug":"feria-de-roa-de-duero","status":"publish","type":"post","link":"https:\/\/vitauro.es\/?p=455","title":{"rendered":"FERIA DE ROA DE DUERO"},"content":{"rendered":"\n<p class=\"has-jost-font-family has-regular-font-size\">Presentados los carteles de un ciclo que re\u00fane nombres consagrados con j\u00f3venes valores, una combinaci\u00f3n de toreros cl\u00e1sicos y con personalidad.<\/p>\n\n\n\n<figure class=\"wp-block-image aligncenter size-large\"><img loading=\"lazy\" decoding=\"async\" width=\"512\" height=\"1024\" src=\"https:\/\/vitauro.es\/wp-content\/uploads\/2025\/07\/WhatsApp-Image-2025-07-19-at-10.26.18-512x1024.jpeg\" alt=\"\" class=\"wp-image-450\" style=\"object-fit:cover\" srcset=\"https:\/\/vitauro.es\/wp-content\/uploads\/2025\/07\/WhatsApp-Image-2025-07-19-at-10.26.18-512x1024.jpeg 512w, https:\/\/vitauro.es\/wp-content\/uploads\/2025\/07\/WhatsApp-Image-2025-07-19-at-10.26.18-150x300.jpeg 150w, https:\/\/vitauro.es\/wp-content\/uploads\/2025\/07\/WhatsApp-Image-2025-07-19-at-10.26.18-768x1536.jpeg 768w, https:\/\/vitauro.es\/wp-content\/uploads\/2025\/07\/WhatsApp-Image-2025-07-19-at-10.26.18-1024x2048.jpeg 1024w, https:\/\/vitauro.es\/wp-content\/uploads\/2025\/07\/WhatsApp-Image-2025-07-19-at-10.26.18.jpeg 1280w\" sizes=\"auto, (max-width: 512px) 100vw, 512px\" \/><\/figure>\n\n\n\n<p class=\"has-jost-font-family has-regular-font-size\">Roa de Duero ha presentado este viernes su feria taurina de San Roque y la Virgen de Agosto dando un golpe de calidad a su programaci\u00f3n y anunciando a nombres importantes en lo que representa una combinaci\u00f3n de j\u00f3venes valores, clasicismo y personalidad. El abono est\u00e1 organizado por Manuel Mart\u00ednez Erice y Alfonso Ortiz y se compone de una corrida de toros, un festejo de rejones y una novillada sin picadores entre los d\u00edas 15 y 17 de agosto.<\/p>\n\n\n\n<figure class=\"wp-block-image aligncenter size-large\"><img loading=\"lazy\" decoding=\"async\" width=\"768\" height=\"1024\" src=\"https:\/\/vitauro.es\/wp-content\/uploads\/2025\/07\/WhatsApp-Image-2025-07-19-at-10.26.18-1-768x1024.jpeg\" alt=\"\" class=\"wp-image-451\" style=\"object-fit:cover\" srcset=\"https:\/\/vitauro.es\/wp-content\/uploads\/2025\/07\/WhatsApp-Image-2025-07-19-at-10.26.18-1-768x1024.jpeg 768w, https:\/\/vitauro.es\/wp-content\/uploads\/2025\/07\/WhatsApp-Image-2025-07-19-at-10.26.18-1-225x300.jpeg 225w, https:\/\/vitauro.es\/wp-content\/uploads\/2025\/07\/WhatsApp-Image-2025-07-19-at-10.26.18-1-1152x1536.jpeg 1152w, https:\/\/vitauro.es\/wp-content\/uploads\/2025\/07\/WhatsApp-Image-2025-07-19-at-10.26.18-1.jpeg 1200w\" sizes=\"auto, (max-width: 768px) 100vw, 768px\" \/><\/figure>\n\n\n\n<p class=\"has-jost-font-family has-regular-font-size\"><br>Un torero en vitola de figura que cumple sus veinte a\u00f1os de alternativa como Morenito de Aranda, un estandarte del clasicismo como Javier Cort\u00e9s y la joven elegancia del burgal\u00e9s Jarocho, componen la corrida de toros que lucir\u00e1 el hierro de Buenavista. Para el festejo ecuestre, uno de los grandes nombres de la temporada a caballo como Andy Cartagena junto a Sergio Gal\u00e1n y el joven portugu\u00e9s Duarte Fern\u00e1ndes, redondean otro triunvirato con alicientes.<br>En el acto de presentaci\u00f3n, tanto la empresa, como David Colina, alcalde de la localidad y los diestros participantes, coincidieron en destacar el prestigio de los carteles anunciados y la entidad de Roa como epicentro taurino de Castilla en el mes de agosto.<\/p>\n\n\n\n<figure class=\"wp-block-image aligncenter size-large\"><img loading=\"lazy\" decoding=\"async\" width=\"1024\" height=\"768\" src=\"https:\/\/vitauro.es\/wp-content\/uploads\/2025\/07\/WhatsApp-Image-2025-07-19-at-10.26.19-1024x768.jpeg\" alt=\"\" class=\"wp-image-449\" srcset=\"https:\/\/vitauro.es\/wp-content\/uploads\/2025\/07\/WhatsApp-Image-2025-07-19-at-10.26.19-1024x768.jpeg 1024w, https:\/\/vitauro.es\/wp-content\/uploads\/2025\/07\/WhatsApp-Image-2025-07-19-at-10.26.19-300x225.jpeg 300w, https:\/\/vitauro.es\/wp-content\/uploads\/2025\/07\/WhatsApp-Image-2025-07-19-at-10.26.19-768x576.jpeg 768w, https:\/\/vitauro.es\/wp-content\/uploads\/2025\/07\/WhatsApp-Image-2025-07-19-at-10.26.19-1536x1152.jpeg 1536w, https:\/\/vitauro.es\/wp-content\/uploads\/2025\/07\/WhatsApp-Image-2025-07-19-at-10.26.19.jpeg 1600w\" sizes=\"auto, (max-width: 1024px) 100vw, 1024px\" \/><\/figure>\n","protected":false},"excerpt":{"rendered":"<p>Presentados los carteles de un ciclo que re\u00fane nombres consagrados con j\u00f3venes valores, una combinaci\u00f3n de toreros cl\u00e1sicos y con personalidad.<\/p>\n","protected":false},"author":1,"featured_media":449,"comment_status":"open","ping_status":"open","sticky":false,"template":"","format":"standard","meta":{"footnotes":""},"categories":[9,8],"tags":[12,10,18],"class_list":["post-455","post","type-post","status-publish","format-standard","has-post-thumbnail","hentry","category-events","category-news","tag-12","tag-feria","tag-roa-de-duero"],"yoast_head":"<!-- This site is optimized with the Yoast SEO plugin v27.1.1 - https:\/\/yoast.com\/product\/yoast-seo-wordpress\/ -->\n<title>FERIA DE ROA DE DUERO - ViTauro<\/title>\n<meta name=\"robots\" content=\"index, follow, max-snippet:-1, max-image-preview:large, max-video-preview:-1\" \/>\n<link rel=\"canonical\" href=\"https:\/\/vitauro.es\/?p=455\" \/>\n<meta property=\"og:locale\" content=\"es_ES\" \/>\n<meta property=\"og:type\" content=\"article\" \/>\n<meta property=\"og:title\" content=\"FERIA DE ROA DE DUERO - ViTauro\" \/>\n<meta property=\"og:description\" content=\"Presentados los carteles de un ciclo que re\u00fane nombres consagrados con j\u00f3venes valores, una combinaci\u00f3n de toreros cl\u00e1sicos y con personalidad.\" \/>\n<meta property=\"og:url\" content=\"https:\/\/vitauro.es\/?p=455\" \/>\n<meta property=\"og:site_name\" content=\"ViTauro\" \/>\n<meta property=\"article:published_time\" content=\"2025-07-24T12:20:25+00:00\" \/>\n<meta property=\"article:modified_time\" content=\"2025-07-24T12:25:00+00:00\" \/>\n<meta property=\"og:image\" content=\"https:\/\/vitauro.es\/wp-content\/uploads\/2025\/07\/WhatsApp-Image-2025-07-19-at-10.26.19.jpeg\" \/>\n\t<meta property=\"og:image:width\" content=\"1600\" \/>\n\t<meta property=\"og:image:height\" content=\"1200\" \/>\n\t<meta property=\"og:image:type\" content=\"image\/jpeg\" \/>\n<meta name=\"author\" content=\"admin\" \/>\n<meta name=\"twitter:card\" content=\"summary_large_image\" \/>\n<meta name=\"twitter:label1\" content=\"Escrito por\" \/>\n\t<meta name=\"twitter:data1\" content=\"admin\" \/>\n\t<meta name=\"twitter:label2\" content=\"Tiempo de lectura\" \/>\n\t<meta name=\"twitter:data2\" content=\"2 minutos\" \/>\n<script type=\"application\/ld+json\" class=\"yoast-schema-graph\">{\"@context\":\"https:\/\/schema.org\",\"@graph\":[{\"@type\":\"Article\",\"@id\":\"https:\/\/vitauro.es\/?p=455#article\",\"isPartOf\":{\"@id\":\"https:\/\/vitauro.es\/?p=455\"},\"author\":{\"name\":\"admin\",\"@id\":\"https:\/\/vitauro.es\/#\/schema\/person\/e4fc1aba9bf6424feacee5249e8992a5\"},\"headline\":\"FERIA DE ROA DE DUERO\",\"datePublished\":\"2025-07-24T12:20:25+00:00\",\"dateModified\":\"2025-07-24T12:25:00+00:00\",\"mainEntityOfPage\":{\"@id\":\"https:\/\/vitauro.es\/?p=455\"},\"wordCount\":236,\"commentCount\":0,\"publisher\":{\"@id\":\"https:\/\/vitauro.es\/#organization\"},\"image\":{\"@id\":\"https:\/\/vitauro.es\/?p=455#primaryimage\"},\"thumbnailUrl\":\"https:\/\/vitauro.es\/wp-content\/uploads\/2025\/07\/WhatsApp-Image-2025-07-19-at-10.26.19.jpeg\",\"keywords\":[\"2025\",\"Feria\",\"Roa de Duero\"],\"articleSection\":[\"Eventos\",\"Noticias\"],\"inLanguage\":\"es\",\"potentialAction\":[{\"@type\":\"CommentAction\",\"name\":\"Comment\",\"target\":[\"https:\/\/vitauro.es\/?p=455#respond\"]}]},{\"@type\":\"WebPage\",\"@id\":\"https:\/\/vitauro.es\/?p=455\",\"url\":\"https:\/\/vitauro.es\/?p=455\",\"name\":\"FERIA DE ROA DE DUERO - ViTauro\",\"isPartOf\":{\"@id\":\"https:\/\/vitauro.es\/#website\"},\"primaryImageOfPage\":{\"@id\":\"https:\/\/vitauro.es\/?p=455#primaryimage\"},\"image\":{\"@id\":\"https:\/\/vitauro.es\/?p=455#primaryimage\"},\"thumbnailUrl\":\"https:\/\/vitauro.es\/wp-content\/uploads\/2025\/07\/WhatsApp-Image-2025-07-19-at-10.26.19.jpeg\",\"datePublished\":\"2025-07-24T12:20:25+00:00\",\"dateModified\":\"2025-07-24T12:25:00+00:00\",\"breadcrumb\":{\"@id\":\"https:\/\/vitauro.es\/?p=455#breadcrumb\"},\"inLanguage\":\"es\",\"potentialAction\":[{\"@type\":\"ReadAction\",\"target\":[\"https:\/\/vitauro.es\/?p=455\"]}]},{\"@type\":\"ImageObject\",\"inLanguage\":\"es\",\"@id\":\"https:\/\/vitauro.es\/?p=455#primaryimage\",\"url\":\"https:\/\/vitauro.es\/wp-content\/uploads\/2025\/07\/WhatsApp-Image-2025-07-19-at-10.26.19.jpeg\",\"contentUrl\":\"https:\/\/vitauro.es\/wp-content\/uploads\/2025\/07\/WhatsApp-Image-2025-07-19-at-10.26.19.jpeg\",\"width\":1600,\"height\":1200},{\"@type\":\"BreadcrumbList\",\"@id\":\"https:\/\/vitauro.es\/?p=455#breadcrumb\",\"itemListElement\":[{\"@type\":\"ListItem\",\"position\":1,\"name\":\"Portada\",\"item\":\"https:\/\/vitauro.es\/\"},{\"@type\":\"ListItem\",\"position\":2,\"name\":\"FERIA DE ROA DE DUERO\"}]},{\"@type\":\"WebSite\",\"@id\":\"https:\/\/vitauro.es\/#website\",\"url\":\"https:\/\/vitauro.es\/\",\"name\":\"ViTauro\",\"description\":\"\",\"publisher\":{\"@id\":\"https:\/\/vitauro.es\/#organization\"},\"potentialAction\":[{\"@type\":\"SearchAction\",\"target\":{\"@type\":\"EntryPoint\",\"urlTemplate\":\"https:\/\/vitauro.es\/?s={search_term_string}\"},\"query-input\":{\"@type\":\"PropertyValueSpecification\",\"valueRequired\":true,\"valueName\":\"search_term_string\"}}],\"inLanguage\":\"es\"},{\"@type\":\"Organization\",\"@id\":\"https:\/\/vitauro.es\/#organization\",\"name\":\"ViTauro\",\"url\":\"https:\/\/vitauro.es\/\",\"logo\":{\"@type\":\"ImageObject\",\"inLanguage\":\"es\",\"@id\":\"https:\/\/vitauro.es\/#\/schema\/logo\/image\/\",\"url\":\"https:\/\/vitauro.es\/wp-content\/uploads\/2025\/05\/cropped-logo-vectorizado-2.png\",\"contentUrl\":\"https:\/\/vitauro.es\/wp-content\/uploads\/2025\/05\/cropped-logo-vectorizado-2.png\",\"width\":1546,\"height\":1564,\"caption\":\"ViTauro\"},\"image\":{\"@id\":\"https:\/\/vitauro.es\/#\/schema\/logo\/image\/\"}},{\"@type\":\"Person\",\"@id\":\"https:\/\/vitauro.es\/#\/schema\/person\/e4fc1aba9bf6424feacee5249e8992a5\",\"name\":\"admin\",\"image\":{\"@type\":\"ImageObject\",\"inLanguage\":\"es\",\"@id\":\"https:\/\/vitauro.es\/#\/schema\/person\/image\/\",\"url\":\"https:\/\/secure.gravatar.com\/avatar\/9ac643e4f8c76a330ee243d493bd429d01832afd4eedc44e6c704f573abe6cab?s=96&d=mm&r=g\",\"contentUrl\":\"https:\/\/secure.gravatar.com\/avatar\/9ac643e4f8c76a330ee243d493bd429d01832afd4eedc44e6c704f573abe6cab?s=96&d=mm&r=g\",\"caption\":\"admin\"},\"sameAs\":[\"https:\/\/vitauro.es\"],\"url\":\"https:\/\/vitauro.es\/?author=1\"}]}<\/script>\n<!-- \/ Yoast SEO plugin. -->","yoast_head_json":{"title":"FERIA DE ROA DE DUERO - ViTauro","robots":{"index":"index","follow":"follow","max-snippet":"max-snippet:-1","max-image-preview":"max-image-preview:large","max-video-preview":"max-video-preview:-1"},"canonical":"https:\/\/vitauro.es\/?p=455","og_locale":"es_ES","og_type":"article","og_title":"FERIA DE ROA DE DUERO - ViTauro","og_description":"Presentados los carteles de un ciclo que re\u00fane nombres consagrados con j\u00f3venes valores, una combinaci\u00f3n de toreros cl\u00e1sicos y con personalidad.","og_url":"https:\/\/vitauro.es\/?p=455","og_site_name":"ViTauro","article_published_time":"2025-07-24T12:20:25+00:00","article_modified_time":"2025-07-24T12:25:00+00:00","og_image":[{"width":1600,"height":1200,"url":"https:\/\/vitauro.es\/wp-content\/uploads\/2025\/07\/WhatsApp-Image-2025-07-19-at-10.26.19.jpeg","type":"image\/jpeg"}],"author":"admin","twitter_card":"summary_large_image","twitter_misc":{"Escrito por":"admin","Tiempo de lectura":"2 minutos"},"schema":{"@context":"https:\/\/schema.org","@graph":[{"@type":"Article","@id":"https:\/\/vitauro.es\/?p=455#article","isPartOf":{"@id":"https:\/\/vitauro.es\/?p=455"},"author":{"name":"admin","@id":"https:\/\/vitauro.es\/#\/schema\/person\/e4fc1aba9bf6424feacee5249e8992a5"},"headline":"FERIA DE ROA DE DUERO","datePublished":"2025-07-24T12:20:25+00:00","dateModified":"2025-07-24T12:25:00+00:00","mainEntityOfPage":{"@id":"https:\/\/vitauro.es\/?p=455"},"wordCount":236,"commentCount":0,"publisher":{"@id":"https:\/\/vitauro.es\/#organization"},"image":{"@id":"https:\/\/vitauro.es\/?p=455#primaryimage"},"thumbnailUrl":"https:\/\/vitauro.es\/wp-content\/uploads\/2025\/07\/WhatsApp-Image-2025-07-19-at-10.26.19.jpeg","keywords":["2025","Feria","Roa de Duero"],"articleSection":["Eventos","Noticias"],"inLanguage":"es","potentialAction":[{"@type":"CommentAction","name":"Comment","target":["https:\/\/vitauro.es\/?p=455#respond"]}]},{"@type":"WebPage","@id":"https:\/\/vitauro.es\/?p=455","url":"https:\/\/vitauro.es\/?p=455","name":"FERIA DE ROA DE DUERO - ViTauro","isPartOf":{"@id":"https:\/\/vitauro.es\/#website"},"primaryImageOfPage":{"@id":"https:\/\/vitauro.es\/?p=455#primaryimage"},"image":{"@id":"https:\/\/vitauro.es\/?p=455#primaryimage"},"thumbnailUrl":"https:\/\/vitauro.es\/wp-content\/uploads\/2025\/07\/WhatsApp-Image-2025-07-19-at-10.26.19.jpeg","datePublished":"2025-07-24T12:20:25+00:00","dateModified":"2025-07-24T12:25:00+00:00","breadcrumb":{"@id":"https:\/\/vitauro.es\/?p=455#breadcrumb"},"inLanguage":"es","potentialAction":[{"@type":"ReadAction","target":["https:\/\/vitauro.es\/?p=455"]}]},{"@type":"ImageObject","inLanguage":"es","@id":"https:\/\/vitauro.es\/?p=455#primaryimage","url":"https:\/\/vitauro.es\/wp-content\/uploads\/2025\/07\/WhatsApp-Image-2025-07-19-at-10.26.19.jpeg","contentUrl":"https:\/\/vitauro.es\/wp-content\/uploads\/2025\/07\/WhatsApp-Image-2025-07-19-at-10.26.19.jpeg","width":1600,"height":1200},{"@type":"BreadcrumbList","@id":"https:\/\/vitauro.es\/?p=455#breadcrumb","itemListElement":[{"@type":"ListItem","position":1,"name":"Portada","item":"https:\/\/vitauro.es\/"},{"@type":"ListItem","position":2,"name":"FERIA DE ROA DE DUERO"}]},{"@type":"WebSite","@id":"https:\/\/vitauro.es\/#website","url":"https:\/\/vitauro.es\/","name":"ViTauro","description":"","publisher":{"@id":"https:\/\/vitauro.es\/#organization"},"potentialAction":[{"@type":"SearchAction","target":{"@type":"EntryPoint","urlTemplate":"https:\/\/vitauro.es\/?s={search_term_string}"},"query-input":{"@type":"PropertyValueSpecification","valueRequired":true,"valueName":"search_term_string"}}],"inLanguage":"es"},{"@type":"Organization","@id":"https:\/\/vitauro.es\/#organization","name":"ViTauro","url":"https:\/\/vitauro.es\/","logo":{"@type":"ImageObject","inLanguage":"es","@id":"https:\/\/vitauro.es\/#\/schema\/logo\/image\/","url":"https:\/\/vitauro.es\/wp-content\/uploads\/2025\/05\/cropped-logo-vectorizado-2.png","contentUrl":"https:\/\/vitauro.es\/wp-content\/uploads\/2025\/05\/cropped-logo-vectorizado-2.png","width":1546,"height":1564,"caption":"ViTauro"},"image":{"@id":"https:\/\/vitauro.es\/#\/schema\/logo\/image\/"}},{"@type":"Person","@id":"https:\/\/vitauro.es\/#\/schema\/person\/e4fc1aba9bf6424feacee5249e8992a5","name":"admin","image":{"@type":"ImageObject","inLanguage":"es","@id":"https:\/\/vitauro.es\/#\/schema\/person\/image\/","url":"https:\/\/secure.gravatar.com\/avatar\/9ac643e4f8c76a330ee243d493bd429d01832afd4eedc44e6c704f573abe6cab?s=96&d=mm&r=g","contentUrl":"https:\/\/secure.gravatar.com\/avatar\/9ac643e4f8c76a330ee243d493bd429d01832afd4eedc44e6c704f573abe6cab?s=96&d=mm&r=g","caption":"admin"},"sameAs":["https:\/\/vitauro.es"],"url":"https:\/\/vitauro.es\/?author=1"}]}},"_links":{"self":[{"href":"https:\/\/vitauro.es\/index.php?rest_route=\/wp\/v2\/posts\/455","targetHints":{"allow":["GET"]}}],"collection":[{"href":"https:\/\/vitauro.es\/index.php?rest_route=\/wp\/v2\/posts"}],"about":[{"href":"https:\/\/vitauro.es\/index.php?rest_route=\/wp\/v2\/types\/post"}],"author":[{"embeddable":true,"href":"https:\/\/vitauro.es\/index.php?rest_route=\/wp\/v2\/users\/1"}],"replies":[{"embeddable":true,"href":"https:\/\/vitauro.es\/index.php?rest_route=%2Fwp%2Fv2%2Fcomments&post=455"}],"version-history":[{"count":6,"href":"https:\/\/vitauro.es\/index.php?rest_route=\/wp\/v2\/posts\/455\/revisions"}],"predecessor-version":[{"id":463,"href":"https:\/\/vitauro.es\/index.php?rest_route=\/wp\/v2\/posts\/455\/revisions\/463"}],"wp:featuredmedia":[{"embeddable":true,"href":"https:\/\/vitauro.es\/index.php?rest_route=\/wp\/v2\/media\/449"}],"wp:attachment":[{"href":"https:\/\/vitauro.es\/index.php?rest_route=%2Fwp%2Fv2%2Fmedia&parent=455"}],"wp:term":[{"taxonomy":"category","embeddable":true,"href":"https:\/\/vitauro.es\/index.php?rest_route=%2Fwp%2Fv2%2Fcategories&post=455"},{"taxonomy":"post_tag","embeddable":true,"href":"https:\/\/vitauro.es\/index.php?rest_route=%2Fwp%2Fv2%2Ftags&post=455"}],"curies":[{"name":"wp","href":"https:\/\/api.w.org\/{rel}","templated":true}]}}