{"id":433,"date":"2025-07-17T07:40:07","date_gmt":"2025-07-17T07:40:07","guid":{"rendered":"https:\/\/vitauro.es\/?p=433"},"modified":"2025-07-17T07:44:10","modified_gmt":"2025-07-17T07:44:10","slug":"presentacion-de-la-feria-taurina-de-roa-de-duero","status":"publish","type":"post","link":"https:\/\/vitauro.es\/?p=433","title":{"rendered":"Presentaci\u00f3n de la feria taurina De Roa de Duero"},"content":{"rendered":"\n<p>El viernes 18 de julio de 2025 a las 20:30 horas, en el centro c\u00edvico \u201cVilla de Roa\u201d, tendr\u00e1 lugar la presentaci\u00f3n de la feria taurina De Roa de Duero, con motivo de sus fiestas patronales en honor a San Roque y Nuestra Se\u00f1ora de la Asunci\u00f3n 2025.<\/p>\n\n\n\n<p>En el evento se presentar\u00e1 a las autoridades, toreros , feria taurina y empresa organizadora, al igual que tendr\u00e1 lugar la presentaci\u00f3n del cartel de la Feria Taurina.<\/p>\n\n\n\n<p>Para Vitauro va a ser un momento muy especial, pues se trata de nuestra primera feria que adem\u00e1s, hemos preparado con mucho cari\u00f1o y mimo. Todos los componentes de Vitauro hemos puesto la mejor intenci\u00f3n y la mayor ilusi\u00f3n en la feria de Roa de Duero, que se va a traducir en una gesti\u00f3n de la feria exquisita y para todos los aficionados del mundo del toro, en deleite, diversi\u00f3n y emoci\u00f3n. Nuestro deseo es que Roa de Duero disfrute de nuestra tradici\u00f3n, que por nuestra parte lo haremos con respeto y el honor de representar a Roa De Duero en su Feria de las Fiestas de San Roque y Nuestra Se\u00f1ora de la Asunci\u00f3n.<\/p>\n\n\n\n<p>Felices Fiestas.<\/p>\n\n\n\n<figure class=\"wp-block-image aligncenter size-full is-resized\"><img loading=\"lazy\" decoding=\"async\" width=\"1080\" height=\"1350\" src=\"https:\/\/vitauro.es\/wp-content\/uploads\/2025\/07\/WhatsApp-Image-2025-07-16-at-23.18.39.jpeg\" alt=\"\" class=\"wp-image-429\" style=\"width:476px;height:auto\" srcset=\"https:\/\/vitauro.es\/wp-content\/uploads\/2025\/07\/WhatsApp-Image-2025-07-16-at-23.18.39.jpeg 1080w, https:\/\/vitauro.es\/wp-content\/uploads\/2025\/07\/WhatsApp-Image-2025-07-16-at-23.18.39-240x300.jpeg 240w, https:\/\/vitauro.es\/wp-content\/uploads\/2025\/07\/WhatsApp-Image-2025-07-16-at-23.18.39-819x1024.jpeg 819w, https:\/\/vitauro.es\/wp-content\/uploads\/2025\/07\/WhatsApp-Image-2025-07-16-at-23.18.39-768x960.jpeg 768w\" sizes=\"auto, (max-width: 1080px) 100vw, 1080px\" \/><\/figure>\n","protected":false},"excerpt":{"rendered":"<p>El viernes 18 de julio de 2025 a las 20:30 horas, en el centro c\u00edvico \u201cVilla de Roa\u201d, tendr\u00e1 lugar la presentaci\u00f3n de la feria taurina De Roa de Duero, con motivo de sus fiestas patronales en honor a San Roque y Nuestra Se\u00f1ora de la Asunci\u00f3n 2025.<\/p>\n","protected":false},"author":1,"featured_media":429,"comment_status":"open","ping_status":"open","sticky":false,"template":"","format":"standard","meta":{"footnotes":""},"categories":[9,8],"tags":[12,10,18],"class_list":["post-433","post","type-post","status-publish","format-standard","has-post-thumbnail","hentry","category-events","category-news","tag-12","tag-feria","tag-roa-de-duero"],"yoast_head":"<!-- This site is optimized with the Yoast SEO plugin v27.1.1 - https:\/\/yoast.com\/product\/yoast-seo-wordpress\/ -->\n<title>Presentaci\u00f3n de la feria taurina De Roa de Duero - ViTauro<\/title>\n<meta name=\"robots\" content=\"index, follow, max-snippet:-1, max-image-preview:large, max-video-preview:-1\" \/>\n<link rel=\"canonical\" href=\"https:\/\/vitauro.es\/?p=433\" \/>\n<meta property=\"og:locale\" content=\"es_ES\" \/>\n<meta property=\"og:type\" content=\"article\" \/>\n<meta property=\"og:title\" content=\"Presentaci\u00f3n de la feria taurina De Roa de Duero - ViTauro\" \/>\n<meta property=\"og:description\" content=\"El viernes 18 de julio de 2025 a las 20:30 horas, en el centro c\u00edvico \u201cVilla de Roa\u201d, tendr\u00e1 lugar la presentaci\u00f3n de la feria taurina De Roa de Duero, con motivo de sus fiestas patronales en honor a San Roque y Nuestra Se\u00f1ora de la Asunci\u00f3n 2025.\" \/>\n<meta property=\"og:url\" content=\"https:\/\/vitauro.es\/?p=433\" \/>\n<meta property=\"og:site_name\" content=\"ViTauro\" \/>\n<meta property=\"article:published_time\" content=\"2025-07-17T07:40:07+00:00\" \/>\n<meta property=\"article:modified_time\" content=\"2025-07-17T07:44:10+00:00\" \/>\n<meta property=\"og:image\" content=\"https:\/\/vitauro.es\/wp-content\/uploads\/2025\/07\/WhatsApp-Image-2025-07-16-at-23.18.39.jpeg\" \/>\n\t<meta property=\"og:image:width\" content=\"1080\" \/>\n\t<meta property=\"og:image:height\" content=\"1350\" \/>\n\t<meta property=\"og:image:type\" content=\"image\/jpeg\" \/>\n<meta name=\"author\" content=\"admin\" \/>\n<meta name=\"twitter:card\" content=\"summary_large_image\" \/>\n<meta name=\"twitter:label1\" content=\"Escrito por\" \/>\n\t<meta name=\"twitter:data1\" content=\"admin\" \/>\n\t<meta name=\"twitter:label2\" content=\"Tiempo de lectura\" \/>\n\t<meta name=\"twitter:data2\" content=\"2 minutos\" \/>\n<script type=\"application\/ld+json\" class=\"yoast-schema-graph\">{\"@context\":\"https:\/\/schema.org\",\"@graph\":[{\"@type\":\"Article\",\"@id\":\"https:\/\/vitauro.es\/?p=433#article\",\"isPartOf\":{\"@id\":\"https:\/\/vitauro.es\/?p=433\"},\"author\":{\"name\":\"admin\",\"@id\":\"https:\/\/vitauro.es\/#\/schema\/person\/e4fc1aba9bf6424feacee5249e8992a5\"},\"headline\":\"Presentaci\u00f3n de la feria taurina De Roa de Duero\",\"datePublished\":\"2025-07-17T07:40:07+00:00\",\"dateModified\":\"2025-07-17T07:44:10+00:00\",\"mainEntityOfPage\":{\"@id\":\"https:\/\/vitauro.es\/?p=433\"},\"wordCount\":213,\"commentCount\":0,\"publisher\":{\"@id\":\"https:\/\/vitauro.es\/#organization\"},\"image\":{\"@id\":\"https:\/\/vitauro.es\/?p=433#primaryimage\"},\"thumbnailUrl\":\"https:\/\/vitauro.es\/wp-content\/uploads\/2025\/07\/WhatsApp-Image-2025-07-16-at-23.18.39.jpeg\",\"keywords\":[\"2025\",\"Feria\",\"Roa de Duero\"],\"articleSection\":[\"Eventos\",\"Noticias\"],\"inLanguage\":\"es\",\"potentialAction\":[{\"@type\":\"CommentAction\",\"name\":\"Comment\",\"target\":[\"https:\/\/vitauro.es\/?p=433#respond\"]}]},{\"@type\":\"WebPage\",\"@id\":\"https:\/\/vitauro.es\/?p=433\",\"url\":\"https:\/\/vitauro.es\/?p=433\",\"name\":\"Presentaci\u00f3n de la feria taurina De Roa de Duero - ViTauro\",\"isPartOf\":{\"@id\":\"https:\/\/vitauro.es\/#website\"},\"primaryImageOfPage\":{\"@id\":\"https:\/\/vitauro.es\/?p=433#primaryimage\"},\"image\":{\"@id\":\"https:\/\/vitauro.es\/?p=433#primaryimage\"},\"thumbnailUrl\":\"https:\/\/vitauro.es\/wp-content\/uploads\/2025\/07\/WhatsApp-Image-2025-07-16-at-23.18.39.jpeg\",\"datePublished\":\"2025-07-17T07:40:07+00:00\",\"dateModified\":\"2025-07-17T07:44:10+00:00\",\"breadcrumb\":{\"@id\":\"https:\/\/vitauro.es\/?p=433#breadcrumb\"},\"inLanguage\":\"es\",\"potentialAction\":[{\"@type\":\"ReadAction\",\"target\":[\"https:\/\/vitauro.es\/?p=433\"]}]},{\"@type\":\"ImageObject\",\"inLanguage\":\"es\",\"@id\":\"https:\/\/vitauro.es\/?p=433#primaryimage\",\"url\":\"https:\/\/vitauro.es\/wp-content\/uploads\/2025\/07\/WhatsApp-Image-2025-07-16-at-23.18.39.jpeg\",\"contentUrl\":\"https:\/\/vitauro.es\/wp-content\/uploads\/2025\/07\/WhatsApp-Image-2025-07-16-at-23.18.39.jpeg\",\"width\":1080,\"height\":1350},{\"@type\":\"BreadcrumbList\",\"@id\":\"https:\/\/vitauro.es\/?p=433#breadcrumb\",\"itemListElement\":[{\"@type\":\"ListItem\",\"position\":1,\"name\":\"Portada\",\"item\":\"https:\/\/vitauro.es\/\"},{\"@type\":\"ListItem\",\"position\":2,\"name\":\"Presentaci\u00f3n de la feria taurina De Roa de Duero\"}]},{\"@type\":\"WebSite\",\"@id\":\"https:\/\/vitauro.es\/#website\",\"url\":\"https:\/\/vitauro.es\/\",\"name\":\"ViTauro\",\"description\":\"\",\"publisher\":{\"@id\":\"https:\/\/vitauro.es\/#organization\"},\"potentialAction\":[{\"@type\":\"SearchAction\",\"target\":{\"@type\":\"EntryPoint\",\"urlTemplate\":\"https:\/\/vitauro.es\/?s={search_term_string}\"},\"query-input\":{\"@type\":\"PropertyValueSpecification\",\"valueRequired\":true,\"valueName\":\"search_term_string\"}}],\"inLanguage\":\"es\"},{\"@type\":\"Organization\",\"@id\":\"https:\/\/vitauro.es\/#organization\",\"name\":\"ViTauro\",\"url\":\"https:\/\/vitauro.es\/\",\"logo\":{\"@type\":\"ImageObject\",\"inLanguage\":\"es\",\"@id\":\"https:\/\/vitauro.es\/#\/schema\/logo\/image\/\",\"url\":\"https:\/\/vitauro.es\/wp-content\/uploads\/2025\/05\/cropped-logo-vectorizado-2.png\",\"contentUrl\":\"https:\/\/vitauro.es\/wp-content\/uploads\/2025\/05\/cropped-logo-vectorizado-2.png\",\"width\":1546,\"height\":1564,\"caption\":\"ViTauro\"},\"image\":{\"@id\":\"https:\/\/vitauro.es\/#\/schema\/logo\/image\/\"}},{\"@type\":\"Person\",\"@id\":\"https:\/\/vitauro.es\/#\/schema\/person\/e4fc1aba9bf6424feacee5249e8992a5\",\"name\":\"admin\",\"image\":{\"@type\":\"ImageObject\",\"inLanguage\":\"es\",\"@id\":\"https:\/\/vitauro.es\/#\/schema\/person\/image\/\",\"url\":\"https:\/\/secure.gravatar.com\/avatar\/9ac643e4f8c76a330ee243d493bd429d01832afd4eedc44e6c704f573abe6cab?s=96&d=mm&r=g\",\"contentUrl\":\"https:\/\/secure.gravatar.com\/avatar\/9ac643e4f8c76a330ee243d493bd429d01832afd4eedc44e6c704f573abe6cab?s=96&d=mm&r=g\",\"caption\":\"admin\"},\"sameAs\":[\"https:\/\/vitauro.es\"],\"url\":\"https:\/\/vitauro.es\/?author=1\"}]}<\/script>\n<!-- \/ Yoast SEO plugin. -->","yoast_head_json":{"title":"Presentaci\u00f3n de la feria taurina De Roa de Duero - ViTauro","robots":{"index":"index","follow":"follow","max-snippet":"max-snippet:-1","max-image-preview":"max-image-preview:large","max-video-preview":"max-video-preview:-1"},"canonical":"https:\/\/vitauro.es\/?p=433","og_locale":"es_ES","og_type":"article","og_title":"Presentaci\u00f3n de la feria taurina De Roa de Duero - ViTauro","og_description":"El viernes 18 de julio de 2025 a las 20:30 horas, en el centro c\u00edvico \u201cVilla de Roa\u201d, tendr\u00e1 lugar la presentaci\u00f3n de la feria taurina De Roa de Duero, con motivo de sus fiestas patronales en honor a San Roque y Nuestra Se\u00f1ora de la Asunci\u00f3n 2025.","og_url":"https:\/\/vitauro.es\/?p=433","og_site_name":"ViTauro","article_published_time":"2025-07-17T07:40:07+00:00","article_modified_time":"2025-07-17T07:44:10+00:00","og_image":[{"width":1080,"height":1350,"url":"https:\/\/vitauro.es\/wp-content\/uploads\/2025\/07\/WhatsApp-Image-2025-07-16-at-23.18.39.jpeg","type":"image\/jpeg"}],"author":"admin","twitter_card":"summary_large_image","twitter_misc":{"Escrito por":"admin","Tiempo de lectura":"2 minutos"},"schema":{"@context":"https:\/\/schema.org","@graph":[{"@type":"Article","@id":"https:\/\/vitauro.es\/?p=433#article","isPartOf":{"@id":"https:\/\/vitauro.es\/?p=433"},"author":{"name":"admin","@id":"https:\/\/vitauro.es\/#\/schema\/person\/e4fc1aba9bf6424feacee5249e8992a5"},"headline":"Presentaci\u00f3n de la feria taurina De Roa de Duero","datePublished":"2025-07-17T07:40:07+00:00","dateModified":"2025-07-17T07:44:10+00:00","mainEntityOfPage":{"@id":"https:\/\/vitauro.es\/?p=433"},"wordCount":213,"commentCount":0,"publisher":{"@id":"https:\/\/vitauro.es\/#organization"},"image":{"@id":"https:\/\/vitauro.es\/?p=433#primaryimage"},"thumbnailUrl":"https:\/\/vitauro.es\/wp-content\/uploads\/2025\/07\/WhatsApp-Image-2025-07-16-at-23.18.39.jpeg","keywords":["2025","Feria","Roa de Duero"],"articleSection":["Eventos","Noticias"],"inLanguage":"es","potentialAction":[{"@type":"CommentAction","name":"Comment","target":["https:\/\/vitauro.es\/?p=433#respond"]}]},{"@type":"WebPage","@id":"https:\/\/vitauro.es\/?p=433","url":"https:\/\/vitauro.es\/?p=433","name":"Presentaci\u00f3n de la feria taurina De Roa de Duero - ViTauro","isPartOf":{"@id":"https:\/\/vitauro.es\/#website"},"primaryImageOfPage":{"@id":"https:\/\/vitauro.es\/?p=433#primaryimage"},"image":{"@id":"https:\/\/vitauro.es\/?p=433#primaryimage"},"thumbnailUrl":"https:\/\/vitauro.es\/wp-content\/uploads\/2025\/07\/WhatsApp-Image-2025-07-16-at-23.18.39.jpeg","datePublished":"2025-07-17T07:40:07+00:00","dateModified":"2025-07-17T07:44:10+00:00","breadcrumb":{"@id":"https:\/\/vitauro.es\/?p=433#breadcrumb"},"inLanguage":"es","potentialAction":[{"@type":"ReadAction","target":["https:\/\/vitauro.es\/?p=433"]}]},{"@type":"ImageObject","inLanguage":"es","@id":"https:\/\/vitauro.es\/?p=433#primaryimage","url":"https:\/\/vitauro.es\/wp-content\/uploads\/2025\/07\/WhatsApp-Image-2025-07-16-at-23.18.39.jpeg","contentUrl":"https:\/\/vitauro.es\/wp-content\/uploads\/2025\/07\/WhatsApp-Image-2025-07-16-at-23.18.39.jpeg","width":1080,"height":1350},{"@type":"BreadcrumbList","@id":"https:\/\/vitauro.es\/?p=433#breadcrumb","itemListElement":[{"@type":"ListItem","position":1,"name":"Portada","item":"https:\/\/vitauro.es\/"},{"@type":"ListItem","position":2,"name":"Presentaci\u00f3n de la feria taurina De Roa de Duero"}]},{"@type":"WebSite","@id":"https:\/\/vitauro.es\/#website","url":"https:\/\/vitauro.es\/","name":"ViTauro","description":"","publisher":{"@id":"https:\/\/vitauro.es\/#organization"},"potentialAction":[{"@type":"SearchAction","target":{"@type":"EntryPoint","urlTemplate":"https:\/\/vitauro.es\/?s={search_term_string}"},"query-input":{"@type":"PropertyValueSpecification","valueRequired":true,"valueName":"search_term_string"}}],"inLanguage":"es"},{"@type":"Organization","@id":"https:\/\/vitauro.es\/#organization","name":"ViTauro","url":"https:\/\/vitauro.es\/","logo":{"@type":"ImageObject","inLanguage":"es","@id":"https:\/\/vitauro.es\/#\/schema\/logo\/image\/","url":"https:\/\/vitauro.es\/wp-content\/uploads\/2025\/05\/cropped-logo-vectorizado-2.png","contentUrl":"https:\/\/vitauro.es\/wp-content\/uploads\/2025\/05\/cropped-logo-vectorizado-2.png","width":1546,"height":1564,"caption":"ViTauro"},"image":{"@id":"https:\/\/vitauro.es\/#\/schema\/logo\/image\/"}},{"@type":"Person","@id":"https:\/\/vitauro.es\/#\/schema\/person\/e4fc1aba9bf6424feacee5249e8992a5","name":"admin","image":{"@type":"ImageObject","inLanguage":"es","@id":"https:\/\/vitauro.es\/#\/schema\/person\/image\/","url":"https:\/\/secure.gravatar.com\/avatar\/9ac643e4f8c76a330ee243d493bd429d01832afd4eedc44e6c704f573abe6cab?s=96&d=mm&r=g","contentUrl":"https:\/\/secure.gravatar.com\/avatar\/9ac643e4f8c76a330ee243d493bd429d01832afd4eedc44e6c704f573abe6cab?s=96&d=mm&r=g","caption":"admin"},"sameAs":["https:\/\/vitauro.es"],"url":"https:\/\/vitauro.es\/?author=1"}]}},"_links":{"self":[{"href":"https:\/\/vitauro.es\/index.php?rest_route=\/wp\/v2\/posts\/433","targetHints":{"allow":["GET"]}}],"collection":[{"href":"https:\/\/vitauro.es\/index.php?rest_route=\/wp\/v2\/posts"}],"about":[{"href":"https:\/\/vitauro.es\/index.php?rest_route=\/wp\/v2\/types\/post"}],"author":[{"embeddable":true,"href":"https:\/\/vitauro.es\/index.php?rest_route=\/wp\/v2\/users\/1"}],"replies":[{"embeddable":true,"href":"https:\/\/vitauro.es\/index.php?rest_route=%2Fwp%2Fv2%2Fcomments&post=433"}],"version-history":[{"count":3,"href":"https:\/\/vitauro.es\/index.php?rest_route=\/wp\/v2\/posts\/433\/revisions"}],"predecessor-version":[{"id":439,"href":"https:\/\/vitauro.es\/index.php?rest_route=\/wp\/v2\/posts\/433\/revisions\/439"}],"wp:featuredmedia":[{"embeddable":true,"href":"https:\/\/vitauro.es\/index.php?rest_route=\/wp\/v2\/media\/429"}],"wp:attachment":[{"href":"https:\/\/vitauro.es\/index.php?rest_route=%2Fwp%2Fv2%2Fmedia&parent=433"}],"wp:term":[{"taxonomy":"category","embeddable":true,"href":"https:\/\/vitauro.es\/index.php?rest_route=%2Fwp%2Fv2%2Fcategories&post=433"},{"taxonomy":"post_tag","embeddable":true,"href":"https:\/\/vitauro.es\/index.php?rest_route=%2Fwp%2Fv2%2Ftags&post=433"}],"curies":[{"name":"wp","href":"https:\/\/api.w.org\/{rel}","templated":true}]}}