{"id":144,"date":"2025-06-18T08:22:32","date_gmt":"2025-06-18T08:22:32","guid":{"rendered":"https:\/\/vitauro.es\/?p=144"},"modified":"2025-07-09T08:51:20","modified_gmt":"2025-07-09T08:51:20","slug":"beneficiencia-2025","status":"publish","type":"post","link":"https:\/\/vitauro.es\/?p=144","title":{"rendered":"Beneficiencia 2025"},"content":{"rendered":"\n<h2 class=\"wp-block-heading has-vivid-cyan-blue-color has-text-color has-link-color wp-elements-05b148f4046011c0ddff8ddb01efaeb4\" style=\"font-size:38px;line-height:1.4\"><strong><strong>La Corrida de la Beneficencia 2025: La Tradici\u00f3n que Cierra San Isidro y Abre el Coraz\u00f3n de Madrid<\/strong><\/strong><\/h2>\n\n\n\n<div class=\"wp-block-columns is-layout-flex wp-container-core-columns-is-layout-28f84493 wp-block-columns-is-layout-flex\">\n<div class=\"wp-block-column is-layout-flow wp-block-column-is-layout-flow\">\n<p class=\"has-regular-font-size\">Madrid se ha engalanado una vez m\u00e1s para celebrar una de sus citas taurinas m\u00e1s emblem\u00e1ticas y emotivas: la Corrida Extraordinaria de la Beneficencia, que este 2025 puso el broche de oro a una intensa Feria de San Isidro. M\u00e1s all\u00e1 del espect\u00e1culo en el ruedo, este festejo representa un profundo compromiso social y una arraigada tradici\u00f3n que se remonta al siglo XVII.<\/p>\n\n\n\n<figure class=\"wp-block-image size-full\"><img loading=\"lazy\" decoding=\"async\" width=\"1430\" height=\"1152\" src=\"https:\/\/vitauro.es\/wp-content\/uploads\/2025\/06\/WhatsApp-Image-2025-06-26-at-11.48.20-1.jpeg\" alt=\"\" class=\"wp-image-314\" style=\"aspect-ratio:4\/3;object-fit:cover\" srcset=\"https:\/\/vitauro.es\/wp-content\/uploads\/2025\/06\/WhatsApp-Image-2025-06-26-at-11.48.20-1.jpeg 1430w, https:\/\/vitauro.es\/wp-content\/uploads\/2025\/06\/WhatsApp-Image-2025-06-26-at-11.48.20-1-300x242.jpeg 300w, https:\/\/vitauro.es\/wp-content\/uploads\/2025\/06\/WhatsApp-Image-2025-06-26-at-11.48.20-1-1024x825.jpeg 1024w, https:\/\/vitauro.es\/wp-content\/uploads\/2025\/06\/WhatsApp-Image-2025-06-26-at-11.48.20-1-768x619.jpeg 768w\" sizes=\"auto, (max-width: 1430px) 100vw, 1430px\" \/><\/figure>\n\n\n\n<p class=\"has-regular-font-size\">La historia de la Corrida de la Beneficencia es tan noble como su prop\u00f3sito. Impulsada originalmente por Felipe IV, buscaba recaudar fondos para el Hospital General de Atocha y otras instituciones ben\u00e9ficas de la \u00e9poca. Una tradici\u00f3n que, con el tiempo, se ha mantenido y consolidado, convirti\u00e9ndose en el s\u00edmbolo de la solidaridad del mundo del toro y la afici\u00f3n madrile\u00f1a. Es uno de los pocos festejos donde la Casa Real suele hacer acto de presencia, ocupando su palco especial y subrayando la importancia institucional de la cita.<\/p>\n\n\n\n<p class=\"has-regular-font-size\">Este a\u00f1o, la Corrida de la Beneficencia, celebrada el&nbsp;<strong>domingo 8 de junio de 2025<\/strong>, concit\u00f3 una expectaci\u00f3n may\u00fascula. El cartel, con toros de la prestigiosa ganader\u00eda de&nbsp;<strong>Juan Pedro Domecq<\/strong>, anunci\u00f3 a tres figuras de primer nivel:&nbsp;<strong>Morante de la Puebla, Fernando Adri\u00e1n y Borja Jim\u00e9nez<\/strong>. Una combinaci\u00f3n que promet\u00eda arte, veteran\u00eda y la pujanza de la juventud, garantizando una tarde de altos vuelos taurinos.<\/p>\n<\/div>\n\n\n\n<div class=\"wp-block-column is-layout-flow wp-block-column-is-layout-flow\">\n<p class=\"has-regular-font-size\">La Plaza de Las Ventas, como es habitual en esta fecha, luci\u00f3 un lleno absoluto, con un p\u00fablico entregado que no solo acud\u00eda a disfrutar de la lidia, sino tambi\u00e9n a contribuir a una causa noble. El ambiente en el tendido era de gran gala, con la emoci\u00f3n contenida antes del pase\u00edllo y la posterior explosi\u00f3n de ovaciones y pa\u00f1uelos blancos ante cada momento de brillantez.<\/p>\n\n\n\n<p class=\"has-regular-font-size\">Si bien el resultado art\u00edstico de cada edici\u00f3n puede variar, la esencia de la Corrida de la Beneficencia permanece inalterable: la uni\u00f3n de la tauromaquia y la acci\u00f3n social. Cada euro recaudado en esta corrida se destina a fines ben\u00e9ficos, contribuyendo a causas esenciales y demostrando que la Fiesta no solo es arte y bravura, sino tambi\u00e9n un motor de solidaridad.<\/p>\n\n\n\n<p class=\"has-regular-font-size\">As\u00ed, la Corrida de la Beneficencia de San Isidro 2025 no solo quedar\u00e1 en el recuerdo por las faenas y los lances que se vieron en el ruedo, sino tambi\u00e9n por el esp\u00edritu altruista que la envuelve. Un festejo que trasciende lo taurino para convertirse en un verdadero acto de amor por Madrid y por quienes m\u00e1s lo necesitan, cerrando con honor un mes de toros y reafirmando el v\u00ednculo indisoluble entre la tauromaquia y el coraz\u00f3n de la capital.<\/p>\n<\/div>\n<\/div>\n","protected":false},"excerpt":{"rendered":"<p>Madrid se ha engalanado una vez m\u00e1s para celebrar una de sus citas taurinas m\u00e1s emblem\u00e1ticas y emotivas: la Corrida Extraordinaria de la Beneficencia, que este 2025 puso el broche de oro a una intensa Feria de San Isidro. M\u00e1s all\u00e1 del espect\u00e1culo en el ruedo, este festejo representa un profundo compromiso social y una arraigada tradici\u00f3n que se remonta al siglo XVII.<\/p>\n","protected":false},"author":1,"featured_media":314,"comment_status":"closed","ping_status":"closed","sticky":false,"template":"","format":"standard","meta":{"footnotes":""},"categories":[9],"tags":[12,16,11],"class_list":["post-144","post","type-post","status-publish","format-standard","has-post-thumbnail","hentry","category-events","tag-12","tag-beneficiencia","tag-san-isidro"],"yoast_head":"<!-- This site is optimized with the Yoast SEO plugin v27.1.1 - https:\/\/yoast.com\/product\/yoast-seo-wordpress\/ -->\n<title>Beneficiencia 2025 - ViTauro<\/title>\n<meta name=\"robots\" content=\"index, follow, max-snippet:-1, max-image-preview:large, max-video-preview:-1\" \/>\n<link rel=\"canonical\" href=\"https:\/\/vitauro.es\/?p=144\" \/>\n<meta property=\"og:locale\" content=\"es_ES\" \/>\n<meta property=\"og:type\" content=\"article\" \/>\n<meta property=\"og:title\" content=\"Beneficiencia 2025 - ViTauro\" \/>\n<meta property=\"og:description\" content=\"Madrid se ha engalanado una vez m\u00e1s para celebrar una de sus citas taurinas m\u00e1s emblem\u00e1ticas y emotivas: la Corrida Extraordinaria de la Beneficencia, que este 2025 puso el broche de oro a una intensa Feria de San Isidro. M\u00e1s all\u00e1 del espect\u00e1culo en el ruedo, este festejo representa un profundo compromiso social y una arraigada tradici\u00f3n que se remonta al siglo XVII.\" \/>\n<meta property=\"og:url\" content=\"https:\/\/vitauro.es\/?p=144\" \/>\n<meta property=\"og:site_name\" content=\"ViTauro\" \/>\n<meta property=\"article:published_time\" content=\"2025-06-18T08:22:32+00:00\" \/>\n<meta property=\"article:modified_time\" content=\"2025-07-09T08:51:20+00:00\" \/>\n<meta property=\"og:image\" content=\"https:\/\/vitauro.es\/wp-content\/uploads\/2025\/06\/WhatsApp-Image-2025-06-26-at-11.48.20-1.jpeg\" \/>\n\t<meta property=\"og:image:width\" content=\"1430\" \/>\n\t<meta property=\"og:image:height\" content=\"1152\" \/>\n\t<meta property=\"og:image:type\" content=\"image\/jpeg\" \/>\n<meta name=\"author\" content=\"admin\" \/>\n<meta name=\"twitter:card\" content=\"summary_large_image\" \/>\n<meta name=\"twitter:label1\" content=\"Escrito por\" \/>\n\t<meta name=\"twitter:data1\" content=\"admin\" \/>\n\t<meta name=\"twitter:label2\" content=\"Tiempo de lectura\" \/>\n\t<meta name=\"twitter:data2\" content=\"3 minutos\" \/>\n<script type=\"application\/ld+json\" class=\"yoast-schema-graph\">{\"@context\":\"https:\/\/schema.org\",\"@graph\":[{\"@type\":\"Article\",\"@id\":\"https:\/\/vitauro.es\/?p=144#article\",\"isPartOf\":{\"@id\":\"https:\/\/vitauro.es\/?p=144\"},\"author\":{\"name\":\"admin\",\"@id\":\"https:\/\/vitauro.es\/#\/schema\/person\/e4fc1aba9bf6424feacee5249e8992a5\"},\"headline\":\"Beneficiencia 2025\",\"datePublished\":\"2025-06-18T08:22:32+00:00\",\"dateModified\":\"2025-07-09T08:51:20+00:00\",\"mainEntityOfPage\":{\"@id\":\"https:\/\/vitauro.es\/?p=144\"},\"wordCount\":483,\"publisher\":{\"@id\":\"https:\/\/vitauro.es\/#organization\"},\"image\":{\"@id\":\"https:\/\/vitauro.es\/?p=144#primaryimage\"},\"thumbnailUrl\":\"https:\/\/vitauro.es\/wp-content\/uploads\/2025\/06\/WhatsApp-Image-2025-06-26-at-11.48.20-1.jpeg\",\"keywords\":[\"2025\",\"Beneficiencia\",\"San Isidro\"],\"articleSection\":[\"Eventos\"],\"inLanguage\":\"es\"},{\"@type\":\"WebPage\",\"@id\":\"https:\/\/vitauro.es\/?p=144\",\"url\":\"https:\/\/vitauro.es\/?p=144\",\"name\":\"Beneficiencia 2025 - ViTauro\",\"isPartOf\":{\"@id\":\"https:\/\/vitauro.es\/#website\"},\"primaryImageOfPage\":{\"@id\":\"https:\/\/vitauro.es\/?p=144#primaryimage\"},\"image\":{\"@id\":\"https:\/\/vitauro.es\/?p=144#primaryimage\"},\"thumbnailUrl\":\"https:\/\/vitauro.es\/wp-content\/uploads\/2025\/06\/WhatsApp-Image-2025-06-26-at-11.48.20-1.jpeg\",\"datePublished\":\"2025-06-18T08:22:32+00:00\",\"dateModified\":\"2025-07-09T08:51:20+00:00\",\"breadcrumb\":{\"@id\":\"https:\/\/vitauro.es\/?p=144#breadcrumb\"},\"inLanguage\":\"es\",\"potentialAction\":[{\"@type\":\"ReadAction\",\"target\":[\"https:\/\/vitauro.es\/?p=144\"]}]},{\"@type\":\"ImageObject\",\"inLanguage\":\"es\",\"@id\":\"https:\/\/vitauro.es\/?p=144#primaryimage\",\"url\":\"https:\/\/vitauro.es\/wp-content\/uploads\/2025\/06\/WhatsApp-Image-2025-06-26-at-11.48.20-1.jpeg\",\"contentUrl\":\"https:\/\/vitauro.es\/wp-content\/uploads\/2025\/06\/WhatsApp-Image-2025-06-26-at-11.48.20-1.jpeg\",\"width\":1430,\"height\":1152},{\"@type\":\"BreadcrumbList\",\"@id\":\"https:\/\/vitauro.es\/?p=144#breadcrumb\",\"itemListElement\":[{\"@type\":\"ListItem\",\"position\":1,\"name\":\"Portada\",\"item\":\"https:\/\/vitauro.es\/\"},{\"@type\":\"ListItem\",\"position\":2,\"name\":\"Beneficiencia 2025\"}]},{\"@type\":\"WebSite\",\"@id\":\"https:\/\/vitauro.es\/#website\",\"url\":\"https:\/\/vitauro.es\/\",\"name\":\"ViTauro\",\"description\":\"\",\"publisher\":{\"@id\":\"https:\/\/vitauro.es\/#organization\"},\"potentialAction\":[{\"@type\":\"SearchAction\",\"target\":{\"@type\":\"EntryPoint\",\"urlTemplate\":\"https:\/\/vitauro.es\/?s={search_term_string}\"},\"query-input\":{\"@type\":\"PropertyValueSpecification\",\"valueRequired\":true,\"valueName\":\"search_term_string\"}}],\"inLanguage\":\"es\"},{\"@type\":\"Organization\",\"@id\":\"https:\/\/vitauro.es\/#organization\",\"name\":\"ViTauro\",\"url\":\"https:\/\/vitauro.es\/\",\"logo\":{\"@type\":\"ImageObject\",\"inLanguage\":\"es\",\"@id\":\"https:\/\/vitauro.es\/#\/schema\/logo\/image\/\",\"url\":\"https:\/\/vitauro.es\/wp-content\/uploads\/2025\/05\/cropped-logo-vectorizado-2.png\",\"contentUrl\":\"https:\/\/vitauro.es\/wp-content\/uploads\/2025\/05\/cropped-logo-vectorizado-2.png\",\"width\":1546,\"height\":1564,\"caption\":\"ViTauro\"},\"image\":{\"@id\":\"https:\/\/vitauro.es\/#\/schema\/logo\/image\/\"}},{\"@type\":\"Person\",\"@id\":\"https:\/\/vitauro.es\/#\/schema\/person\/e4fc1aba9bf6424feacee5249e8992a5\",\"name\":\"admin\",\"image\":{\"@type\":\"ImageObject\",\"inLanguage\":\"es\",\"@id\":\"https:\/\/vitauro.es\/#\/schema\/person\/image\/\",\"url\":\"https:\/\/secure.gravatar.com\/avatar\/9ac643e4f8c76a330ee243d493bd429d01832afd4eedc44e6c704f573abe6cab?s=96&d=mm&r=g\",\"contentUrl\":\"https:\/\/secure.gravatar.com\/avatar\/9ac643e4f8c76a330ee243d493bd429d01832afd4eedc44e6c704f573abe6cab?s=96&d=mm&r=g\",\"caption\":\"admin\"},\"sameAs\":[\"https:\/\/vitauro.es\"],\"url\":\"https:\/\/vitauro.es\/?author=1\"}]}<\/script>\n<!-- \/ Yoast SEO plugin. -->","yoast_head_json":{"title":"Beneficiencia 2025 - ViTauro","robots":{"index":"index","follow":"follow","max-snippet":"max-snippet:-1","max-image-preview":"max-image-preview:large","max-video-preview":"max-video-preview:-1"},"canonical":"https:\/\/vitauro.es\/?p=144","og_locale":"es_ES","og_type":"article","og_title":"Beneficiencia 2025 - ViTauro","og_description":"Madrid se ha engalanado una vez m\u00e1s para celebrar una de sus citas taurinas m\u00e1s emblem\u00e1ticas y emotivas: la Corrida Extraordinaria de la Beneficencia, que este 2025 puso el broche de oro a una intensa Feria de San Isidro. M\u00e1s all\u00e1 del espect\u00e1culo en el ruedo, este festejo representa un profundo compromiso social y una arraigada tradici\u00f3n que se remonta al siglo XVII.","og_url":"https:\/\/vitauro.es\/?p=144","og_site_name":"ViTauro","article_published_time":"2025-06-18T08:22:32+00:00","article_modified_time":"2025-07-09T08:51:20+00:00","og_image":[{"width":1430,"height":1152,"url":"https:\/\/vitauro.es\/wp-content\/uploads\/2025\/06\/WhatsApp-Image-2025-06-26-at-11.48.20-1.jpeg","type":"image\/jpeg"}],"author":"admin","twitter_card":"summary_large_image","twitter_misc":{"Escrito por":"admin","Tiempo de lectura":"3 minutos"},"schema":{"@context":"https:\/\/schema.org","@graph":[{"@type":"Article","@id":"https:\/\/vitauro.es\/?p=144#article","isPartOf":{"@id":"https:\/\/vitauro.es\/?p=144"},"author":{"name":"admin","@id":"https:\/\/vitauro.es\/#\/schema\/person\/e4fc1aba9bf6424feacee5249e8992a5"},"headline":"Beneficiencia 2025","datePublished":"2025-06-18T08:22:32+00:00","dateModified":"2025-07-09T08:51:20+00:00","mainEntityOfPage":{"@id":"https:\/\/vitauro.es\/?p=144"},"wordCount":483,"publisher":{"@id":"https:\/\/vitauro.es\/#organization"},"image":{"@id":"https:\/\/vitauro.es\/?p=144#primaryimage"},"thumbnailUrl":"https:\/\/vitauro.es\/wp-content\/uploads\/2025\/06\/WhatsApp-Image-2025-06-26-at-11.48.20-1.jpeg","keywords":["2025","Beneficiencia","San Isidro"],"articleSection":["Eventos"],"inLanguage":"es"},{"@type":"WebPage","@id":"https:\/\/vitauro.es\/?p=144","url":"https:\/\/vitauro.es\/?p=144","name":"Beneficiencia 2025 - ViTauro","isPartOf":{"@id":"https:\/\/vitauro.es\/#website"},"primaryImageOfPage":{"@id":"https:\/\/vitauro.es\/?p=144#primaryimage"},"image":{"@id":"https:\/\/vitauro.es\/?p=144#primaryimage"},"thumbnailUrl":"https:\/\/vitauro.es\/wp-content\/uploads\/2025\/06\/WhatsApp-Image-2025-06-26-at-11.48.20-1.jpeg","datePublished":"2025-06-18T08:22:32+00:00","dateModified":"2025-07-09T08:51:20+00:00","breadcrumb":{"@id":"https:\/\/vitauro.es\/?p=144#breadcrumb"},"inLanguage":"es","potentialAction":[{"@type":"ReadAction","target":["https:\/\/vitauro.es\/?p=144"]}]},{"@type":"ImageObject","inLanguage":"es","@id":"https:\/\/vitauro.es\/?p=144#primaryimage","url":"https:\/\/vitauro.es\/wp-content\/uploads\/2025\/06\/WhatsApp-Image-2025-06-26-at-11.48.20-1.jpeg","contentUrl":"https:\/\/vitauro.es\/wp-content\/uploads\/2025\/06\/WhatsApp-Image-2025-06-26-at-11.48.20-1.jpeg","width":1430,"height":1152},{"@type":"BreadcrumbList","@id":"https:\/\/vitauro.es\/?p=144#breadcrumb","itemListElement":[{"@type":"ListItem","position":1,"name":"Portada","item":"https:\/\/vitauro.es\/"},{"@type":"ListItem","position":2,"name":"Beneficiencia 2025"}]},{"@type":"WebSite","@id":"https:\/\/vitauro.es\/#website","url":"https:\/\/vitauro.es\/","name":"ViTauro","description":"","publisher":{"@id":"https:\/\/vitauro.es\/#organization"},"potentialAction":[{"@type":"SearchAction","target":{"@type":"EntryPoint","urlTemplate":"https:\/\/vitauro.es\/?s={search_term_string}"},"query-input":{"@type":"PropertyValueSpecification","valueRequired":true,"valueName":"search_term_string"}}],"inLanguage":"es"},{"@type":"Organization","@id":"https:\/\/vitauro.es\/#organization","name":"ViTauro","url":"https:\/\/vitauro.es\/","logo":{"@type":"ImageObject","inLanguage":"es","@id":"https:\/\/vitauro.es\/#\/schema\/logo\/image\/","url":"https:\/\/vitauro.es\/wp-content\/uploads\/2025\/05\/cropped-logo-vectorizado-2.png","contentUrl":"https:\/\/vitauro.es\/wp-content\/uploads\/2025\/05\/cropped-logo-vectorizado-2.png","width":1546,"height":1564,"caption":"ViTauro"},"image":{"@id":"https:\/\/vitauro.es\/#\/schema\/logo\/image\/"}},{"@type":"Person","@id":"https:\/\/vitauro.es\/#\/schema\/person\/e4fc1aba9bf6424feacee5249e8992a5","name":"admin","image":{"@type":"ImageObject","inLanguage":"es","@id":"https:\/\/vitauro.es\/#\/schema\/person\/image\/","url":"https:\/\/secure.gravatar.com\/avatar\/9ac643e4f8c76a330ee243d493bd429d01832afd4eedc44e6c704f573abe6cab?s=96&d=mm&r=g","contentUrl":"https:\/\/secure.gravatar.com\/avatar\/9ac643e4f8c76a330ee243d493bd429d01832afd4eedc44e6c704f573abe6cab?s=96&d=mm&r=g","caption":"admin"},"sameAs":["https:\/\/vitauro.es"],"url":"https:\/\/vitauro.es\/?author=1"}]}},"_links":{"self":[{"href":"https:\/\/vitauro.es\/index.php?rest_route=\/wp\/v2\/posts\/144","targetHints":{"allow":["GET"]}}],"collection":[{"href":"https:\/\/vitauro.es\/index.php?rest_route=\/wp\/v2\/posts"}],"about":[{"href":"https:\/\/vitauro.es\/index.php?rest_route=\/wp\/v2\/types\/post"}],"author":[{"embeddable":true,"href":"https:\/\/vitauro.es\/index.php?rest_route=\/wp\/v2\/users\/1"}],"replies":[{"embeddable":true,"href":"https:\/\/vitauro.es\/index.php?rest_route=%2Fwp%2Fv2%2Fcomments&post=144"}],"version-history":[{"count":5,"href":"https:\/\/vitauro.es\/index.php?rest_route=\/wp\/v2\/posts\/144\/revisions"}],"predecessor-version":[{"id":392,"href":"https:\/\/vitauro.es\/index.php?rest_route=\/wp\/v2\/posts\/144\/revisions\/392"}],"wp:featuredmedia":[{"embeddable":true,"href":"https:\/\/vitauro.es\/index.php?rest_route=\/wp\/v2\/media\/314"}],"wp:attachment":[{"href":"https:\/\/vitauro.es\/index.php?rest_route=%2Fwp%2Fv2%2Fmedia&parent=144"}],"wp:term":[{"taxonomy":"category","embeddable":true,"href":"https:\/\/vitauro.es\/index.php?rest_route=%2Fwp%2Fv2%2Fcategories&post=144"},{"taxonomy":"post_tag","embeddable":true,"href":"https:\/\/vitauro.es\/index.php?rest_route=%2Fwp%2Fv2%2Ftags&post=144"}],"curies":[{"name":"wp","href":"https:\/\/api.w.org\/{rel}","templated":true}]}}