{"id":139,"date":"2025-06-18T08:09:20","date_gmt":"2025-06-18T08:09:20","guid":{"rendered":"https:\/\/vitauro.es\/?p=139"},"modified":"2025-07-09T08:50:14","modified_gmt":"2025-07-09T08:50:14","slug":"feria-san-isidro","status":"publish","type":"post","link":"https:\/\/vitauro.es\/?p=139","title":{"rendered":"Feria San isidro"},"content":{"rendered":"\n<h2 class=\"wp-block-heading has-vivid-cyan-blue-color has-text-color has-link-color wp-elements-3f7d02833d98f5904d940aad9b5ccdc4\" style=\"font-size:38px;line-height:1.4\"><strong><strong>La Feria de San Isidro 2025: Un Mes de Pasi\u00f3n y Tradici\u00f3n en Las Ventas.<\/strong><\/strong><\/h2>\n\n\n\n<figure class=\"wp-block-image size-large\"><img loading=\"lazy\" decoding=\"async\" width=\"1024\" height=\"712\" src=\"https:\/\/vitauro.es\/wp-content\/uploads\/2025\/07\/WhatsApp-Image-2025-06-26-at-11.48.16-1024x712.jpeg\" alt=\"Pintura de toro y torero\" class=\"wp-image-307\" srcset=\"https:\/\/vitauro.es\/wp-content\/uploads\/2025\/07\/WhatsApp-Image-2025-06-26-at-11.48.16-1024x712.jpeg 1024w, https:\/\/vitauro.es\/wp-content\/uploads\/2025\/07\/WhatsApp-Image-2025-06-26-at-11.48.16-300x209.jpeg 300w, https:\/\/vitauro.es\/wp-content\/uploads\/2025\/07\/WhatsApp-Image-2025-06-26-at-11.48.16-768x534.jpeg 768w, https:\/\/vitauro.es\/wp-content\/uploads\/2025\/07\/WhatsApp-Image-2025-06-26-at-11.48.16-1536x1068.jpeg 1536w, https:\/\/vitauro.es\/wp-content\/uploads\/2025\/07\/WhatsApp-Image-2025-06-26-at-11.48.16.jpeg 1600w\" sizes=\"auto, (max-width: 1024px) 100vw, 1024px\" \/><\/figure>\n\n\n\n<div class=\"wp-block-columns is-layout-flex wp-container-core-columns-is-layout-28f84493 wp-block-columns-is-layout-flex\">\n<div class=\"wp-block-column has-regular-font-size is-layout-flow wp-block-column-is-layout-flow\">\n<p class=\"has-regular-font-size\">Madrid ha vuelto a vibrar al comp\u00e1s del toreo en la ya clausurada Feria de San Isidro 2025, un ciclo que, como cada a\u00f1o, ha convertido la Plaza de Toros de Las Ventas en el epicentro mundial de la tauromaquia. Desde el 9 de mayo hasta principios de junio, la capital espa\u00f1ola ha sido testigo de un despliegue de arte, valor y emoci\u00f3n, consolidando una vez m\u00e1s la majestuosidad de este evento.<\/p>\n\n\n\n<p class=\"has-regular-font-size\">La edici\u00f3n de 2025 ha reunido a un total de&nbsp;<strong>43 matadores de toros, 5 rejoneadores y 7 novilleros con picadores<\/strong>, que se han enfrentado a reses de&nbsp;<strong>23 ganader\u00edas diferentes<\/strong>, algunas con doble participaci\u00f3n, y representando hasta ocho encastes distintos. Esta diversidad de hierros y toreros ha garantizado un abanico de sensaciones para el aficionado, desde las corridas de mayor corte art\u00edstico hasta aquellas que prometen emoci\u00f3n y bravura sin concesiones.<\/p>\n\n\n\n<p class=\"has-regular-font-size\">Entre los nombres propios que han brillado en esta feria, destacan figuras consagradas y j\u00f3venes promesas que han dejado huella en el ruedo.&nbsp;<strong>Alejandro Talavante<\/strong>&nbsp;ha sido el triunfador oficial del ciclo, demostrando su profundidad y su capacidad para conectar con el p\u00fablico. La faena m\u00e1s destacada de la feria fue obra de&nbsp;<strong>Morante de la Puebla<\/strong>, quien en la Corrida de la Prensa, con toros de Garcigrande, volvi\u00f3 a firmar una de esas obras maestras que quedan grabadas en la retina de los aficionados.<\/p>\n<\/div>\n\n\n\n<div class=\"wp-block-column has-regular-font-size is-layout-flow wp-block-column-is-layout-flow\">\n<p class=\"has-regular-font-size\">Adem\u00e1s, el nombre de&nbsp;<strong>V\u00edctor Hern\u00e1ndez<\/strong>&nbsp;ha resonado con fuerza al ser reconocido como el torero revelaci\u00f3n de San Isidro 2025, un claro indicio del prometedor futuro de la tauromaquia. Otros diestros como&nbsp;<strong>Roca Rey<\/strong>,&nbsp;<strong>Tom\u00e1s Rufo<\/strong>,&nbsp;<strong>Sebasti\u00e1n Castella<\/strong>,&nbsp;<strong>Miguel \u00c1ngel Perera<\/strong>,&nbsp;<strong>Paco Ure\u00f1a<\/strong>,&nbsp;<strong>Emilio de Justo<\/strong>&nbsp;o&nbsp;<strong>Borja Jim\u00e9nez<\/strong>&nbsp;han protagonizado tardes de gran inter\u00e9s, algunos de ellos rozando la Puerta Grande, o incluso abri\u00e9ndola en el caso de Morante en la Beneficencia, tras la \u00fanica de Talavante al inicio de la feria.<\/p>\n\n\n\n<p class=\"has-regular-font-size\">En el apartado ganadero, la feria ha ofrecido un variado ramillete de encastes. Toros de la talla de&nbsp;<strong>Victoriano del R\u00edo<\/strong>,&nbsp;<strong>Fuente Ymbro<\/strong>,&nbsp;<strong>Pedraza de Yeltes<\/strong>,&nbsp;<strong>Juan Pedro Domecq<\/strong>&nbsp;o&nbsp;<strong>Alcurruc\u00e9n<\/strong>&nbsp;han lidiado corridas de distinto signo, algunas de ellas con toros que han sido premiados por su excelente juego. Precisamente, el toro \u00abFrenoso\u00bb de Victoriano del R\u00edo, lidiado por Fernando Adri\u00e1n, fue reconocido como el mejor toro del ciclo, mientras que la ganader\u00eda de Jandilla se alz\u00f3 con el premio a la mejor corrida.<\/p>\n\n\n\n<p class=\"has-regular-font-size\">La Feria de San Isidro 2025 no solo ha sido un escaparate para el toreo de \u00e9lite, sino tambi\u00e9n un punto de encuentro para la cultura y las tradiciones madrile\u00f1as. Con una programaci\u00f3n que se ha extendido hasta bien entrado el mes de junio, incluyendo la tradicional Corrida de la Beneficencia y la Corrida \u00abIn Memoriam\u00bb con toros de Victorino Mart\u00edn, Las Ventas ha vuelto a reafirmar su posici\u00f3n como la plaza m\u00e1s importante del mundo, donde la esencia del toreo cobra vida en cada pase, en cada embestida y en cada ol\u00e9 de la afici\u00f3n. Un a\u00f1o m\u00e1s, San Isidro ha sido un \u00e9xito rotundo, reafirmando la vigencia y el arraigo de la Fiesta Brava en el coraz\u00f3n de Madrid.<\/p>\n<\/div>\n<\/div>\n","protected":false},"excerpt":{"rendered":"<p>Madrid ha vuelto a vibrar al comp\u00e1s del toreo en la ya clausurada Feria de San Isidro 2025, un ciclo que, como cada a\u00f1o, ha convertido la Plaza de Toros de Las Ventas en el epicentro mundial de la tauromaquia. Desde el 9 de mayo hasta principios de junio, la capital espa\u00f1ola ha sido testigo de un despliegue de arte, valor y emoci\u00f3n, consolidando una vez m\u00e1s la majestuosidad de este evento.<\/p>\n","protected":false},"author":1,"featured_media":307,"comment_status":"closed","ping_status":"closed","sticky":false,"template":"","format":"standard","meta":{"footnotes":""},"categories":[8],"tags":[12,10,11],"class_list":["post-139","post","type-post","status-publish","format-standard","has-post-thumbnail","hentry","category-news","tag-12","tag-feria","tag-san-isidro"],"yoast_head":"<!-- This site is optimized with the Yoast SEO plugin v27.1.1 - https:\/\/yoast.com\/product\/yoast-seo-wordpress\/ -->\n<title>Feria San isidro - ViTauro<\/title>\n<meta name=\"description\" content=\"Noticias Feria San isidro - ViTauro\" \/>\n<meta name=\"robots\" content=\"index, follow, max-snippet:-1, max-image-preview:large, max-video-preview:-1\" \/>\n<link rel=\"canonical\" href=\"https:\/\/vitauro.es\/?p=139\" \/>\n<meta property=\"og:locale\" content=\"es_ES\" \/>\n<meta property=\"og:type\" content=\"article\" \/>\n<meta property=\"og:title\" content=\"Feria San Isidro 2025\" \/>\n<meta property=\"og:description\" content=\"Noticias Feria San isidro - ViTauro\" \/>\n<meta property=\"og:url\" content=\"https:\/\/vitauro.es\/?p=139\" \/>\n<meta property=\"og:site_name\" content=\"ViTauro\" \/>\n<meta property=\"article:published_time\" content=\"2025-06-18T08:09:20+00:00\" \/>\n<meta property=\"article:modified_time\" content=\"2025-07-09T08:50:14+00:00\" \/>\n<meta property=\"og:image\" content=\"https:\/\/vitauro.es\/wp-content\/uploads\/2025\/07\/WhatsApp-Image-2025-06-26-at-11.48.16.jpeg\" \/>\n\t<meta property=\"og:image:width\" content=\"1600\" \/>\n\t<meta property=\"og:image:height\" content=\"1112\" \/>\n\t<meta property=\"og:image:type\" content=\"image\/jpeg\" \/>\n<meta name=\"author\" content=\"admin\" \/>\n<meta name=\"twitter:card\" content=\"summary_large_image\" \/>\n<meta name=\"twitter:label1\" content=\"Escrito por\" \/>\n\t<meta name=\"twitter:data1\" content=\"admin\" \/>\n\t<meta name=\"twitter:label2\" content=\"Tiempo de lectura\" \/>\n\t<meta name=\"twitter:data2\" content=\"3 minutos\" \/>\n<script type=\"application\/ld+json\" class=\"yoast-schema-graph\">{\"@context\":\"https:\/\/schema.org\",\"@graph\":[{\"@type\":\"NewsArticle\",\"@id\":\"https:\/\/vitauro.es\/?p=139#article\",\"isPartOf\":{\"@id\":\"https:\/\/vitauro.es\/?p=139\"},\"author\":{\"name\":\"admin\",\"@id\":\"https:\/\/vitauro.es\/#\/schema\/person\/e4fc1aba9bf6424feacee5249e8992a5\"},\"headline\":\"Feria San isidro\",\"datePublished\":\"2025-06-18T08:09:20+00:00\",\"dateModified\":\"2025-07-09T08:50:14+00:00\",\"mainEntityOfPage\":{\"@id\":\"https:\/\/vitauro.es\/?p=139\"},\"wordCount\":590,\"publisher\":{\"@id\":\"https:\/\/vitauro.es\/#organization\"},\"image\":{\"@id\":\"https:\/\/vitauro.es\/?p=139#primaryimage\"},\"thumbnailUrl\":\"https:\/\/vitauro.es\/wp-content\/uploads\/2025\/07\/WhatsApp-Image-2025-06-26-at-11.48.16.jpeg\",\"keywords\":[\"2025\",\"Feria\",\"San Isidro\"],\"articleSection\":[\"Noticias\"],\"inLanguage\":\"es\"},{\"@type\":[\"WebPage\",\"ItemPage\"],\"@id\":\"https:\/\/vitauro.es\/?p=139\",\"url\":\"https:\/\/vitauro.es\/?p=139\",\"name\":\"Feria San isidro - ViTauro\",\"isPartOf\":{\"@id\":\"https:\/\/vitauro.es\/#website\"},\"primaryImageOfPage\":{\"@id\":\"https:\/\/vitauro.es\/?p=139#primaryimage\"},\"image\":{\"@id\":\"https:\/\/vitauro.es\/?p=139#primaryimage\"},\"thumbnailUrl\":\"https:\/\/vitauro.es\/wp-content\/uploads\/2025\/07\/WhatsApp-Image-2025-06-26-at-11.48.16.jpeg\",\"datePublished\":\"2025-06-18T08:09:20+00:00\",\"dateModified\":\"2025-07-09T08:50:14+00:00\",\"description\":\"Noticias Feria San isidro - ViTauro\",\"breadcrumb\":{\"@id\":\"https:\/\/vitauro.es\/?p=139#breadcrumb\"},\"inLanguage\":\"es\",\"potentialAction\":[{\"@type\":\"ReadAction\",\"target\":[\"https:\/\/vitauro.es\/?p=139\"]}]},{\"@type\":\"ImageObject\",\"inLanguage\":\"es\",\"@id\":\"https:\/\/vitauro.es\/?p=139#primaryimage\",\"url\":\"https:\/\/vitauro.es\/wp-content\/uploads\/2025\/07\/WhatsApp-Image-2025-06-26-at-11.48.16.jpeg\",\"contentUrl\":\"https:\/\/vitauro.es\/wp-content\/uploads\/2025\/07\/WhatsApp-Image-2025-06-26-at-11.48.16.jpeg\",\"width\":1600,\"height\":1112,\"caption\":\"Pintura de toro y torero\"},{\"@type\":\"BreadcrumbList\",\"@id\":\"https:\/\/vitauro.es\/?p=139#breadcrumb\",\"itemListElement\":[{\"@type\":\"ListItem\",\"position\":1,\"name\":\"Portada\",\"item\":\"https:\/\/vitauro.es\/\"},{\"@type\":\"ListItem\",\"position\":2,\"name\":\"Feria San isidro\"}]},{\"@type\":\"WebSite\",\"@id\":\"https:\/\/vitauro.es\/#website\",\"url\":\"https:\/\/vitauro.es\/\",\"name\":\"ViTauro\",\"description\":\"\",\"publisher\":{\"@id\":\"https:\/\/vitauro.es\/#organization\"},\"potentialAction\":[{\"@type\":\"SearchAction\",\"target\":{\"@type\":\"EntryPoint\",\"urlTemplate\":\"https:\/\/vitauro.es\/?s={search_term_string}\"},\"query-input\":{\"@type\":\"PropertyValueSpecification\",\"valueRequired\":true,\"valueName\":\"search_term_string\"}}],\"inLanguage\":\"es\"},{\"@type\":\"Organization\",\"@id\":\"https:\/\/vitauro.es\/#organization\",\"name\":\"ViTauro\",\"url\":\"https:\/\/vitauro.es\/\",\"logo\":{\"@type\":\"ImageObject\",\"inLanguage\":\"es\",\"@id\":\"https:\/\/vitauro.es\/#\/schema\/logo\/image\/\",\"url\":\"https:\/\/vitauro.es\/wp-content\/uploads\/2025\/05\/cropped-logo-vectorizado-2.png\",\"contentUrl\":\"https:\/\/vitauro.es\/wp-content\/uploads\/2025\/05\/cropped-logo-vectorizado-2.png\",\"width\":1546,\"height\":1564,\"caption\":\"ViTauro\"},\"image\":{\"@id\":\"https:\/\/vitauro.es\/#\/schema\/logo\/image\/\"}},{\"@type\":\"Person\",\"@id\":\"https:\/\/vitauro.es\/#\/schema\/person\/e4fc1aba9bf6424feacee5249e8992a5\",\"name\":\"admin\",\"image\":{\"@type\":\"ImageObject\",\"inLanguage\":\"es\",\"@id\":\"https:\/\/vitauro.es\/#\/schema\/person\/image\/\",\"url\":\"https:\/\/secure.gravatar.com\/avatar\/9ac643e4f8c76a330ee243d493bd429d01832afd4eedc44e6c704f573abe6cab?s=96&d=mm&r=g\",\"contentUrl\":\"https:\/\/secure.gravatar.com\/avatar\/9ac643e4f8c76a330ee243d493bd429d01832afd4eedc44e6c704f573abe6cab?s=96&d=mm&r=g\",\"caption\":\"admin\"},\"sameAs\":[\"https:\/\/vitauro.es\"],\"url\":\"https:\/\/vitauro.es\/?author=1\"}]}<\/script>\n<!-- \/ Yoast SEO plugin. -->","yoast_head_json":{"title":"Feria San isidro - ViTauro","description":"Noticias Feria San isidro - ViTauro","robots":{"index":"index","follow":"follow","max-snippet":"max-snippet:-1","max-image-preview":"max-image-preview:large","max-video-preview":"max-video-preview:-1"},"canonical":"https:\/\/vitauro.es\/?p=139","og_locale":"es_ES","og_type":"article","og_title":"Feria San Isidro 2025","og_description":"Noticias Feria San isidro - ViTauro","og_url":"https:\/\/vitauro.es\/?p=139","og_site_name":"ViTauro","article_published_time":"2025-06-18T08:09:20+00:00","article_modified_time":"2025-07-09T08:50:14+00:00","og_image":[{"width":1600,"height":1112,"url":"https:\/\/vitauro.es\/wp-content\/uploads\/2025\/07\/WhatsApp-Image-2025-06-26-at-11.48.16.jpeg","type":"image\/jpeg"}],"author":"admin","twitter_card":"summary_large_image","twitter_misc":{"Escrito por":"admin","Tiempo de lectura":"3 minutos"},"schema":{"@context":"https:\/\/schema.org","@graph":[{"@type":"NewsArticle","@id":"https:\/\/vitauro.es\/?p=139#article","isPartOf":{"@id":"https:\/\/vitauro.es\/?p=139"},"author":{"name":"admin","@id":"https:\/\/vitauro.es\/#\/schema\/person\/e4fc1aba9bf6424feacee5249e8992a5"},"headline":"Feria San isidro","datePublished":"2025-06-18T08:09:20+00:00","dateModified":"2025-07-09T08:50:14+00:00","mainEntityOfPage":{"@id":"https:\/\/vitauro.es\/?p=139"},"wordCount":590,"publisher":{"@id":"https:\/\/vitauro.es\/#organization"},"image":{"@id":"https:\/\/vitauro.es\/?p=139#primaryimage"},"thumbnailUrl":"https:\/\/vitauro.es\/wp-content\/uploads\/2025\/07\/WhatsApp-Image-2025-06-26-at-11.48.16.jpeg","keywords":["2025","Feria","San Isidro"],"articleSection":["Noticias"],"inLanguage":"es"},{"@type":["WebPage","ItemPage"],"@id":"https:\/\/vitauro.es\/?p=139","url":"https:\/\/vitauro.es\/?p=139","name":"Feria San isidro - ViTauro","isPartOf":{"@id":"https:\/\/vitauro.es\/#website"},"primaryImageOfPage":{"@id":"https:\/\/vitauro.es\/?p=139#primaryimage"},"image":{"@id":"https:\/\/vitauro.es\/?p=139#primaryimage"},"thumbnailUrl":"https:\/\/vitauro.es\/wp-content\/uploads\/2025\/07\/WhatsApp-Image-2025-06-26-at-11.48.16.jpeg","datePublished":"2025-06-18T08:09:20+00:00","dateModified":"2025-07-09T08:50:14+00:00","description":"Noticias Feria San isidro - ViTauro","breadcrumb":{"@id":"https:\/\/vitauro.es\/?p=139#breadcrumb"},"inLanguage":"es","potentialAction":[{"@type":"ReadAction","target":["https:\/\/vitauro.es\/?p=139"]}]},{"@type":"ImageObject","inLanguage":"es","@id":"https:\/\/vitauro.es\/?p=139#primaryimage","url":"https:\/\/vitauro.es\/wp-content\/uploads\/2025\/07\/WhatsApp-Image-2025-06-26-at-11.48.16.jpeg","contentUrl":"https:\/\/vitauro.es\/wp-content\/uploads\/2025\/07\/WhatsApp-Image-2025-06-26-at-11.48.16.jpeg","width":1600,"height":1112,"caption":"Pintura de toro y torero"},{"@type":"BreadcrumbList","@id":"https:\/\/vitauro.es\/?p=139#breadcrumb","itemListElement":[{"@type":"ListItem","position":1,"name":"Portada","item":"https:\/\/vitauro.es\/"},{"@type":"ListItem","position":2,"name":"Feria San isidro"}]},{"@type":"WebSite","@id":"https:\/\/vitauro.es\/#website","url":"https:\/\/vitauro.es\/","name":"ViTauro","description":"","publisher":{"@id":"https:\/\/vitauro.es\/#organization"},"potentialAction":[{"@type":"SearchAction","target":{"@type":"EntryPoint","urlTemplate":"https:\/\/vitauro.es\/?s={search_term_string}"},"query-input":{"@type":"PropertyValueSpecification","valueRequired":true,"valueName":"search_term_string"}}],"inLanguage":"es"},{"@type":"Organization","@id":"https:\/\/vitauro.es\/#organization","name":"ViTauro","url":"https:\/\/vitauro.es\/","logo":{"@type":"ImageObject","inLanguage":"es","@id":"https:\/\/vitauro.es\/#\/schema\/logo\/image\/","url":"https:\/\/vitauro.es\/wp-content\/uploads\/2025\/05\/cropped-logo-vectorizado-2.png","contentUrl":"https:\/\/vitauro.es\/wp-content\/uploads\/2025\/05\/cropped-logo-vectorizado-2.png","width":1546,"height":1564,"caption":"ViTauro"},"image":{"@id":"https:\/\/vitauro.es\/#\/schema\/logo\/image\/"}},{"@type":"Person","@id":"https:\/\/vitauro.es\/#\/schema\/person\/e4fc1aba9bf6424feacee5249e8992a5","name":"admin","image":{"@type":"ImageObject","inLanguage":"es","@id":"https:\/\/vitauro.es\/#\/schema\/person\/image\/","url":"https:\/\/secure.gravatar.com\/avatar\/9ac643e4f8c76a330ee243d493bd429d01832afd4eedc44e6c704f573abe6cab?s=96&d=mm&r=g","contentUrl":"https:\/\/secure.gravatar.com\/avatar\/9ac643e4f8c76a330ee243d493bd429d01832afd4eedc44e6c704f573abe6cab?s=96&d=mm&r=g","caption":"admin"},"sameAs":["https:\/\/vitauro.es"],"url":"https:\/\/vitauro.es\/?author=1"}]}},"_links":{"self":[{"href":"https:\/\/vitauro.es\/index.php?rest_route=\/wp\/v2\/posts\/139","targetHints":{"allow":["GET"]}}],"collection":[{"href":"https:\/\/vitauro.es\/index.php?rest_route=\/wp\/v2\/posts"}],"about":[{"href":"https:\/\/vitauro.es\/index.php?rest_route=\/wp\/v2\/types\/post"}],"author":[{"embeddable":true,"href":"https:\/\/vitauro.es\/index.php?rest_route=\/wp\/v2\/users\/1"}],"replies":[{"embeddable":true,"href":"https:\/\/vitauro.es\/index.php?rest_route=%2Fwp%2Fv2%2Fcomments&post=139"}],"version-history":[{"count":7,"href":"https:\/\/vitauro.es\/index.php?rest_route=\/wp\/v2\/posts\/139\/revisions"}],"predecessor-version":[{"id":391,"href":"https:\/\/vitauro.es\/index.php?rest_route=\/wp\/v2\/posts\/139\/revisions\/391"}],"wp:featuredmedia":[{"embeddable":true,"href":"https:\/\/vitauro.es\/index.php?rest_route=\/wp\/v2\/media\/307"}],"wp:attachment":[{"href":"https:\/\/vitauro.es\/index.php?rest_route=%2Fwp%2Fv2%2Fmedia&parent=139"}],"wp:term":[{"taxonomy":"category","embeddable":true,"href":"https:\/\/vitauro.es\/index.php?rest_route=%2Fwp%2Fv2%2Fcategories&post=139"},{"taxonomy":"post_tag","embeddable":true,"href":"https:\/\/vitauro.es\/index.php?rest_route=%2Fwp%2Fv2%2Ftags&post=139"}],"curies":[{"name":"wp","href":"https:\/\/api.w.org\/{rel}","templated":true}]}}